{"id":1688,"date":"2016-06-02T14:37:41","date_gmt":"2016-06-02T13:37:41","guid":{"rendered":"http:\/\/agora.xtec.cat\/ceip-molidevent\/?p=1688"},"modified":"2016-09-01T09:37:15","modified_gmt":"2016-09-01T08:37:15","slug":"el-cantant-fito-luri-va-visitar-lescola","status":"publish","type":"post","link":"https:\/\/agora.xtec.cat\/ceip-molidevent\/general\/el-cantant-fito-luri-va-visitar-lescola\/","title":{"rendered":"EL CANTANT FITO LURI VA VISITAR L\u2019ESCOLA\u00a0"},"content":{"rendered":"<p>El dimarts 31 de maig, el cantant Fito Luri \u2013<a href=\"http:\/\/www.fitoluri.cat\/\" target=\"_blank\">www.fitoluri.cat<\/a>&#8211; va visitar l\u2019Escola. L&#8217;activitat, organitzada des de l\u2019\u00e0rea de m\u00fasica, va tenir per objectiu apropar als infants l\u2019ofici de m\u00fasic als infants. Luri \u00e9s un m\u00fasic del Camp de Tarragona amb una llarga traject\u00f2ria \u2013La Padrina, Caf\u00e8 Par\u00eds, Om, etc.- que est\u00e0 presentant un disc en solitari enregistrat el 2015 titulat \u201cReus, La Mussara, Cassiopea\u201d. Els alumnes de segon van poder gaudir d&#8217;un petit concert i de les explicacions que va fer el m\u00fasic.<\/p>\n\n\t\t<style type=\"text\/css\">\n\t\t\t#gallery-1 {\n\t\t\t\tmargin: auto;\n\t\t\t}\n\t\t\t#gallery-1 .gallery-item {\n\t\t\t\tfloat: left;\n\t\t\t\tmargin-top: 10px;\n\t\t\t\ttext-align: center;\n\t\t\t\twidth: 50%;\n\t\t\t}\n\t\t\t#gallery-1 img {\n\t\t\t\tborder: 2px solid #cfcfcf;\n\t\t\t}\n\t\t\t#gallery-1 .gallery-caption {\n\t\t\t\tmargin-left: 0;\n\t\t\t}\n\t\t\t\/* see gallery_shortcode() in wp-includes\/media.php *\/\n\t\t<\/style>\n\t\t<div id='gallery-1' class='gallery galleryid-1688 gallery-columns-2 gallery-size-large'><dl class='gallery-item'>\n\t\t\t<dt class='gallery-icon landscape'>\n\t\t\t\t<a href='https:\/\/agora.xtec.cat\/ceip-molidevent\/general\/el-cantant-fito-luri-va-visitar-lescola\/attachment\/2016-06-01-photo-00000003\/'><img loading=\"lazy\" decoding=\"async\" width=\"1024\" height=\"768\" src=\"https:\/\/agora.xtec.cat\/ceip-molidevent\/wp-content\/uploads\/usu1187\/2016\/06\/2016-06-01-PHOTO-00000003-1024x768.jpg\" class=\"attachment-large size-large\" alt=\"\" srcset=\"https:\/\/agora.xtec.cat\/ceip-molidevent\/wp-content\/uploads\/usu1187\/2016\/06\/2016-06-01-PHOTO-00000003-1024x768.jpg 1024w, https:\/\/agora.xtec.cat\/ceip-molidevent\/wp-content\/uploads\/usu1187\/2016\/06\/2016-06-01-PHOTO-00000003-300x225.jpg 300w, https:\/\/agora.xtec.cat\/ceip-molidevent\/wp-content\/uploads\/usu1187\/2016\/06\/2016-06-01-PHOTO-00000003-200x150.jpg 200w, https:\/\/agora.xtec.cat\/ceip-molidevent\/wp-content\/uploads\/usu1187\/2016\/06\/2016-06-01-PHOTO-00000003.jpg 1600w\" sizes=\"auto, (max-width: 1024px) 100vw, 1024px\" \/><\/a>\n\t\t\t<\/dt><\/dl><dl class='gallery-item'>\n\t\t\t<dt class='gallery-icon landscape'>\n\t\t\t\t<a href='https:\/\/agora.xtec.cat\/ceip-molidevent\/general\/el-cantant-fito-luri-va-visitar-lescola\/attachment\/captura-31\/'><img loading=\"lazy\" decoding=\"async\" width=\"1024\" height=\"567\" src=\"https:\/\/agora.xtec.cat\/ceip-molidevent\/wp-content\/uploads\/usu1187\/2016\/06\/Captura-1024x567.png\" class=\"attachment-large size-large\" alt=\"\" srcset=\"https:\/\/agora.xtec.cat\/ceip-molidevent\/wp-content\/uploads\/usu1187\/2016\/06\/Captura-1024x567.png 1024w, https:\/\/agora.xtec.cat\/ceip-molidevent\/wp-content\/uploads\/usu1187\/2016\/06\/Captura-300x166.png 300w, https:\/\/agora.xtec.cat\/ceip-molidevent\/wp-content\/uploads\/usu1187\/2016\/06\/Captura.png 1075w\" sizes=\"auto, (max-width: 1024px) 100vw, 1024px\" \/><\/a>\n\t\t\t<\/dt><\/dl><br style=\"clear: both\" \/>\n\t\t<\/div>\n\n","protected":false},"excerpt":{"rendered":"<p>El dimarts 31 de maig, el cantant Fito Luri \u2013<a href=\"http:\/\/www.fitoluri.cat\/\" target=\"_blank\">www.fitoluri.cat<\/a>&#8211; va visitar l\u2019Escola. L&#8217;activitat, organitzada des de l\u2019\u00e0rea de m\u00fasica, va tenir per objectiu apropar als infants l\u2019ofici de m\u00fasic als infants. Luri \u00e9s un m\u00fasic del Camp de Tarragona amb una llarga&hellip;  <a href=\"https:\/\/agora.xtec.cat\/ceip-molidevent\/general\/el-cantant-fito-luri-va-visitar-lescola\/\" title=\"Read EL CANTANT FITO LURI VA VISITAR L\u2019ESCOLA\u00a0\">Llegeix m\u00e9s\u00bb<\/a><\/p>\n","protected":false},"author":1,"featured_media":0,"comment_status":"open","ping_status":"open","sticky":false,"template":"","format":"standard","meta":{"_bbp_topic_count":0,"_bbp_reply_count":0,"_bbp_total_topic_count":0,"_bbp_total_reply_count":0,"_bbp_voice_count":0,"_bbp_anonymous_reply_count":0,"_bbp_topic_count_hidden":0,"_bbp_reply_count_hidden":0,"_bbp_forum_subforum_count":0,"footnotes":""},"categories":[66,11,1,68,5,61],"tags":[69,25,70,29],"class_list":["post-1688","post","type-post","status-publish","format-standard","hentry","category-15-16","category-2n","category-general","category-musica","category-primaria","category-cicle-inicial","tag-activitats","tag-cicle-inicial","tag-musica","tag-segon"],"post_mailing_queue_ids":[],"_links":{"self":[{"href":"https:\/\/agora.xtec.cat\/ceip-molidevent\/wp-json\/wp\/v2\/posts\/1688","targetHints":{"allow":["GET"]}}],"collection":[{"href":"https:\/\/agora.xtec.cat\/ceip-molidevent\/wp-json\/wp\/v2\/posts"}],"about":[{"href":"https:\/\/agora.xtec.cat\/ceip-molidevent\/wp-json\/wp\/v2\/types\/post"}],"author":[{"embeddable":true,"href":"https:\/\/agora.xtec.cat\/ceip-molidevent\/wp-json\/wp\/v2\/users\/1"}],"replies":[{"embeddable":true,"href":"https:\/\/agora.xtec.cat\/ceip-molidevent\/wp-json\/wp\/v2\/comments?post=1688"}],"version-history":[{"count":2,"href":"https:\/\/agora.xtec.cat\/ceip-molidevent\/wp-json\/wp\/v2\/posts\/1688\/revisions"}],"predecessor-version":[{"id":1700,"href":"https:\/\/agora.xtec.cat\/ceip-molidevent\/wp-json\/wp\/v2\/posts\/1688\/revisions\/1700"}],"wp:attachment":[{"href":"https:\/\/agora.xtec.cat\/ceip-molidevent\/wp-json\/wp\/v2\/media?parent=1688"}],"wp:term":[{"taxonomy":"category","embeddable":true,"href":"https:\/\/agora.xtec.cat\/ceip-molidevent\/wp-json\/wp\/v2\/categories?post=1688"},{"taxonomy":"post_tag","embeddable":true,"href":"https:\/\/agora.xtec.cat\/ceip-molidevent\/wp-json\/wp\/v2\/tags?post=1688"}],"curies":[{"name":"wp","href":"https:\/\/api.w.org\/{rel}","templated":true}]}}