{"id":1533,"date":"2016-05-04T17:08:44","date_gmt":"2016-05-04T16:08:44","guid":{"rendered":"http:\/\/agora.xtec.cat\/ceip-molidevent\/?p=1533"},"modified":"2016-09-01T10:51:44","modified_gmt":"2016-09-01T09:51:44","slug":"avui-i-dema-competencies-basiques","status":"publish","type":"post","link":"https:\/\/agora.xtec.cat\/ceip-molidevent\/general\/avui-i-dema-competencies-basiques\/","title":{"rendered":"AVUI I DEM\u00c0, COMPET\u00c8NCIES B\u00c0SIQUES."},"content":{"rendered":"<p><a href=\"http:\/\/agora.xtec.cat\/ceip-molidevent\/wp-content\/uploads\/usu1187\/2016\/05\/IMG_1464.jpg\"><img loading=\"lazy\" decoding=\"async\" class=\"aligncenter  wp-image-1534\" src=\"http:\/\/agora.xtec.cat\/ceip-molidevent\/wp-content\/uploads\/usu1187\/2016\/05\/IMG_1464-1024x577.jpg\" alt=\"IMG_1464\" width=\"558\" height=\"314\" srcset=\"https:\/\/agora.xtec.cat\/ceip-molidevent\/wp-content\/uploads\/usu1187\/2016\/05\/IMG_1464-1024x577.jpg 1024w, https:\/\/agora.xtec.cat\/ceip-molidevent\/wp-content\/uploads\/usu1187\/2016\/05\/IMG_1464-300x169.jpg 300w\" sizes=\"auto, (max-width: 558px) 100vw, 558px\" \/><\/a><\/p>\n<p>&nbsp;<\/p>\n<p>Avui dimecres, els alumnes de 6\u00e8 , han comen\u00e7at les proves de compet\u00e8ncies b\u00e0siques que es realitzen a totes les escoles d&#8217;arreu de Catalunya. Hem comen\u00e7at amb les proves de Llengua Catalana i Matem\u00e0tiques. Dem\u00e0 continuarem amb les de Llengua Castellana i Llengua Anglesa.<\/p>\n<p>S\u00f3n unes proves que avalen \u00a0les compet\u00e8ncies i coneixements b\u00e0sics\u00a0que ha d\u2019haver adquirit l\u2019alumnat al final de l\u2019educaci\u00f3 prim\u00e0ria per poder seguir amb normalitat el curr\u00edculum previst per a l\u2019ESO.<br \/>\nDesitgem que els nostres alumnes obtinguin uns molt bons resultats.<\/p>\n<p>&nbsp;<\/p>\n","protected":false},"excerpt":{"rendered":"<p><a href=\"http:\/\/agora.xtec.cat\/ceip-molidevent\/wp-content\/uploads\/usu1187\/2016\/05\/IMG_1464.jpg\"><\/a><br \/>\n&nbsp;<br \/>\nAvui dimecres, els alumnes de 6\u00e8 , han comen\u00e7at les proves de compet\u00e8ncies b\u00e0siques que es realitzen a totes les escoles d&#8217;arreu de Catalunya. Hem comen\u00e7at amb les proves de Llengua Catalana i Matem\u00e0tiques. Dem\u00e0 continuarem amb les de Llengua Castellana i Llengua Anglesa.<br \/>\nS\u00f3n&hellip;  <a href=\"https:\/\/agora.xtec.cat\/ceip-molidevent\/general\/avui-i-dema-competencies-basiques\/\" title=\"Read AVUI I DEM\u00c0, COMPET\u00c8NCIES B\u00c0SIQUES.\">Llegeix m\u00e9s\u00bb<\/a><\/p>\n","protected":false},"author":1,"featured_media":0,"comment_status":"open","ping_status":"open","sticky":false,"template":"","format":"standard","meta":{"_bbp_topic_count":0,"_bbp_reply_count":0,"_bbp_total_topic_count":0,"_bbp_total_reply_count":0,"_bbp_voice_count":0,"_bbp_anonymous_reply_count":0,"_bbp_topic_count_hidden":0,"_bbp_reply_count_hidden":0,"_bbp_forum_subforum_count":0,"footnotes":""},"categories":[66,15,1,5,26],"tags":[],"class_list":["post-1533","post","type-post","status-publish","format-standard","hentry","category-15-16","category-6e","category-general","category-primaria","category-cicle-superior"],"post_mailing_queue_ids":[],"_links":{"self":[{"href":"https:\/\/agora.xtec.cat\/ceip-molidevent\/wp-json\/wp\/v2\/posts\/1533","targetHints":{"allow":["GET"]}}],"collection":[{"href":"https:\/\/agora.xtec.cat\/ceip-molidevent\/wp-json\/wp\/v2\/posts"}],"about":[{"href":"https:\/\/agora.xtec.cat\/ceip-molidevent\/wp-json\/wp\/v2\/types\/post"}],"author":[{"embeddable":true,"href":"https:\/\/agora.xtec.cat\/ceip-molidevent\/wp-json\/wp\/v2\/users\/1"}],"replies":[{"embeddable":true,"href":"https:\/\/agora.xtec.cat\/ceip-molidevent\/wp-json\/wp\/v2\/comments?post=1533"}],"version-history":[{"count":2,"href":"https:\/\/agora.xtec.cat\/ceip-molidevent\/wp-json\/wp\/v2\/posts\/1533\/revisions"}],"predecessor-version":[{"id":1540,"href":"https:\/\/agora.xtec.cat\/ceip-molidevent\/wp-json\/wp\/v2\/posts\/1533\/revisions\/1540"}],"wp:attachment":[{"href":"https:\/\/agora.xtec.cat\/ceip-molidevent\/wp-json\/wp\/v2\/media?parent=1533"}],"wp:term":[{"taxonomy":"category","embeddable":true,"href":"https:\/\/agora.xtec.cat\/ceip-molidevent\/wp-json\/wp\/v2\/categories?post=1533"},{"taxonomy":"post_tag","embeddable":true,"href":"https:\/\/agora.xtec.cat\/ceip-molidevent\/wp-json\/wp\/v2\/tags?post=1533"}],"curies":[{"name":"wp","href":"https:\/\/api.w.org\/{rel}","templated":true}]}}