{"id":1528,"date":"2016-05-19T12:38:20","date_gmt":"2016-05-19T11:38:20","guid":{"rendered":"http:\/\/agora.xtec.cat\/ceip-molidevent\/?p=1528"},"modified":"2016-09-01T10:51:03","modified_gmt":"2016-09-01T09:51:03","slug":"taller-el-laboratori-dalicia","status":"publish","type":"post","link":"https:\/\/agora.xtec.cat\/ceip-molidevent\/general\/taller-el-laboratori-dalicia\/","title":{"rendered":"Taller: el laboratori d&#8217;Alicia"},"content":{"rendered":"<p style=\"text-align: justify;\"><span style=\"color: #000000;\">Els dies 2 i 13 de maig, e<\/span><span style=\"color: #000000;\">ls alumnes de 4t\u00a0 van anar a la biblioteca Mestra Maria Ant\u00f2nia<\/span><span style=\"color: #000000;\"> <a style=\"color: #000000;\" href=\"http:\/\/bibboto.blogspot.com.es\/2015\/10\/alicia-amb-tots-els-sentits-un.html\">per a descobrir i viure al voltant d&#8217;un cl\u00e0ssic de la literatura de tots els temps,<strong><em>&#8220;Al\u00edcia al Pa\u00eds de les Meravelles&#8221;<\/em><\/strong> amb tots els nostres sentits.<\/a><\/span><\/p>\n<p style=\"text-align: justify;\"><a href=\"http:\/\/agora.xtec.cat\/ceip-molidevent\/wp-content\/uploads\/usu1187\/2016\/05\/foto-laboratori.jpg\"><img loading=\"lazy\" decoding=\"async\" class=\"alignnone size-full wp-image-1620\" src=\"http:\/\/agora.xtec.cat\/ceip-molidevent\/wp-content\/uploads\/usu1187\/2016\/05\/foto-laboratori.jpg\" alt=\"foto laboratori\" width=\"423\" height=\"439\" srcset=\"https:\/\/agora.xtec.cat\/ceip-molidevent\/wp-content\/uploads\/usu1187\/2016\/05\/foto-laboratori.jpg 423w, https:\/\/agora.xtec.cat\/ceip-molidevent\/wp-content\/uploads\/usu1187\/2016\/05\/foto-laboratori-289x300.jpg 289w\" sizes=\"auto, (max-width: 423px) 100vw, 423px\" \/><\/a> <a href=\"http:\/\/agora.xtec.cat\/ceip-molidevent\/wp-content\/uploads\/usu1187\/2016\/05\/foto-laboratori-2.jpg\"><img loading=\"lazy\" decoding=\"async\" class=\"alignnone size-large wp-image-1621\" src=\"http:\/\/agora.xtec.cat\/ceip-molidevent\/wp-content\/uploads\/usu1187\/2016\/05\/foto-laboratori-2.jpg\" alt=\"foto laboratori 2\" width=\"440\" height=\"329\" srcset=\"https:\/\/agora.xtec.cat\/ceip-molidevent\/wp-content\/uploads\/usu1187\/2016\/05\/foto-laboratori-2.jpg 440w, https:\/\/agora.xtec.cat\/ceip-molidevent\/wp-content\/uploads\/usu1187\/2016\/05\/foto-laboratori-2-300x224.jpg 300w, https:\/\/agora.xtec.cat\/ceip-molidevent\/wp-content\/uploads\/usu1187\/2016\/05\/foto-laboratori-2-200x150.jpg 200w\" sizes=\"auto, (max-width: 440px) 100vw, 440px\" \/><\/a><\/p>\n","protected":false},"excerpt":{"rendered":"<p>Els dies 2 i 13 de maig, els alumnes de 4t\u00a0 van anar a la biblioteca Mestra Maria Ant\u00f2nia <a style=\"color: #000000;\" href=\"http:\/\/bibboto.blogspot.com.es\/2015\/10\/alicia-amb-tots-els-sentits-un.html\">per a descobrir i viure al voltant d&#8217;un cl\u00e0ssic de la literatura de tots els temps,&#8220;Al\u00edcia al Pa\u00eds de les Meravelles&#8221; amb tots&hellip;  <a href=\"https:\/\/agora.xtec.cat\/ceip-molidevent\/general\/taller-el-laboratori-dalicia\/\" title=\"Read Taller: el laboratori d&#8217;Alicia\">Llegeix m\u00e9s\u00bb<\/a><\/p>\n","protected":false},"author":1,"featured_media":0,"comment_status":"open","ping_status":"open","sticky":false,"template":"","format":"standard","meta":{"_bbp_topic_count":0,"_bbp_reply_count":0,"_bbp_total_topic_count":0,"_bbp_total_reply_count":0,"_bbp_voice_count":0,"_bbp_anonymous_reply_count":0,"_bbp_topic_count_hidden":0,"_bbp_reply_count_hidden":0,"_bbp_forum_subforum_count":0,"footnotes":""},"categories":[66,13,24,1,5,78],"tags":[56,37,34,16],"class_list":["post-1528","post","type-post","status-publish","format-standard","hentry","category-15-16","category-4t","category-biblioteca","category-general","category-primaria","category-cicle-mitja","tag-4t","tag-biblioteca-2","tag-cicle-mitja","tag-sortides"],"post_mailing_queue_ids":[],"_links":{"self":[{"href":"https:\/\/agora.xtec.cat\/ceip-molidevent\/wp-json\/wp\/v2\/posts\/1528","targetHints":{"allow":["GET"]}}],"collection":[{"href":"https:\/\/agora.xtec.cat\/ceip-molidevent\/wp-json\/wp\/v2\/posts"}],"about":[{"href":"https:\/\/agora.xtec.cat\/ceip-molidevent\/wp-json\/wp\/v2\/types\/post"}],"author":[{"embeddable":true,"href":"https:\/\/agora.xtec.cat\/ceip-molidevent\/wp-json\/wp\/v2\/users\/1"}],"replies":[{"embeddable":true,"href":"https:\/\/agora.xtec.cat\/ceip-molidevent\/wp-json\/wp\/v2\/comments?post=1528"}],"version-history":[{"count":2,"href":"https:\/\/agora.xtec.cat\/ceip-molidevent\/wp-json\/wp\/v2\/posts\/1528\/revisions"}],"predecessor-version":[{"id":1669,"href":"https:\/\/agora.xtec.cat\/ceip-molidevent\/wp-json\/wp\/v2\/posts\/1528\/revisions\/1669"}],"wp:attachment":[{"href":"https:\/\/agora.xtec.cat\/ceip-molidevent\/wp-json\/wp\/v2\/media?parent=1528"}],"wp:term":[{"taxonomy":"category","embeddable":true,"href":"https:\/\/agora.xtec.cat\/ceip-molidevent\/wp-json\/wp\/v2\/categories?post=1528"},{"taxonomy":"post_tag","embeddable":true,"href":"https:\/\/agora.xtec.cat\/ceip-molidevent\/wp-json\/wp\/v2\/tags?post=1528"}],"curies":[{"name":"wp","href":"https:\/\/api.w.org\/{rel}","templated":true}]}}