{"id":1459,"date":"2016-04-22T12:04:56","date_gmt":"2016-04-22T11:04:56","guid":{"rendered":"http:\/\/agora.xtec.cat\/ceip-molidevent\/?p=1459"},"modified":"2016-09-01T10:57:26","modified_gmt":"2016-09-01T09:57:26","slug":"certamen-de-lectura-en-veu-alta","status":"publish","type":"post","link":"https:\/\/agora.xtec.cat\/ceip-molidevent\/general\/certamen-de-lectura-en-veu-alta\/","title":{"rendered":"CERTAMEN DE LECTURA EN VEU ALTA"},"content":{"rendered":"<p>Els nens i nenes de Cicle Mitj\u00e0 participen al Certamen de Lectura en Veu Alta que organitza la Fundaci\u00f3 Enciclop\u00e8dia Catalana.<\/p>\n<p>Enguany el llibre que han hagut de llegir ha estat Arriba el Sr. Flat, llibre que ha entusiasmat a tots els nens. El dia 15 d\u2019abril, es va fer la final de la nostra escola. El nostres representants a Tarragona, seran el Sergio Jim\u00e9nez(guanyador) i la N\u00faria Plana (suplent).<\/p>\n<p><em>Desitjar molta sort als nostres alumnes i animar-los a qu\u00e8 segueixin llegint.<\/em> <a href=\"http:\/\/agora.xtec.cat\/ceip-molidevent\/wp-content\/uploads\/usu1187\/2016\/04\/IMG_3897-1.jpg\"><img loading=\"lazy\" decoding=\"async\" class=\"alignnone  wp-image-1460\" src=\"http:\/\/agora.xtec.cat\/ceip-molidevent\/wp-content\/uploads\/usu1187\/2016\/04\/IMG_3897-1-1024x765.jpg\" alt=\"IMG_3897 (1)\" width=\"431\" height=\"322\" srcset=\"https:\/\/agora.xtec.cat\/ceip-molidevent\/wp-content\/uploads\/usu1187\/2016\/04\/IMG_3897-1-1024x765.jpg 1024w, https:\/\/agora.xtec.cat\/ceip-molidevent\/wp-content\/uploads\/usu1187\/2016\/04\/IMG_3897-1-300x224.jpg 300w, https:\/\/agora.xtec.cat\/ceip-molidevent\/wp-content\/uploads\/usu1187\/2016\/04\/IMG_3897-1-200x150.jpg 200w\" sizes=\"auto, (max-width: 431px) 100vw, 431px\" \/><\/a> <a href=\"http:\/\/agora.xtec.cat\/ceip-molidevent\/wp-content\/uploads\/usu1187\/2016\/04\/FullSizeRender.jpg\"><img loading=\"lazy\" decoding=\"async\" class=\"alignnone  wp-image-1461\" src=\"http:\/\/agora.xtec.cat\/ceip-molidevent\/wp-content\/uploads\/usu1187\/2016\/04\/FullSizeRender.jpg\" alt=\"FullSizeRender\" width=\"292\" height=\"438\" srcset=\"https:\/\/agora.xtec.cat\/ceip-molidevent\/wp-content\/uploads\/usu1187\/2016\/04\/FullSizeRender.jpg 426w, https:\/\/agora.xtec.cat\/ceip-molidevent\/wp-content\/uploads\/usu1187\/2016\/04\/FullSizeRender-200x300.jpg 200w\" sizes=\"auto, (max-width: 292px) 100vw, 292px\" \/><\/a><\/p>\n","protected":false},"excerpt":{"rendered":"<p>Els nens i nenes de Cicle Mitj\u00e0 participen al Certamen de Lectura en Veu Alta que organitza la Fundaci\u00f3 Enciclop\u00e8dia Catalana.<br \/>\nEnguany el llibre que han hagut de llegir ha estat Arriba el Sr. Flat, llibre que ha entusiasmat a tots els nens. El dia 15&hellip;  <a href=\"https:\/\/agora.xtec.cat\/ceip-molidevent\/general\/certamen-de-lectura-en-veu-alta\/\" title=\"Read CERTAMEN DE LECTURA EN VEU ALTA\">Llegeix m\u00e9s\u00bb<\/a><\/p>\n","protected":false},"author":1,"featured_media":0,"comment_status":"open","ping_status":"open","sticky":false,"template":"","format":"standard","meta":{"_bbp_topic_count":0,"_bbp_reply_count":0,"_bbp_total_topic_count":0,"_bbp_total_reply_count":0,"_bbp_voice_count":0,"_bbp_anonymous_reply_count":0,"_bbp_topic_count_hidden":0,"_bbp_reply_count_hidden":0,"_bbp_forum_subforum_count":0,"footnotes":""},"categories":[66,12,13,48,1,5,78],"tags":[],"class_list":["post-1459","post","type-post","status-publish","format-standard","hentry","category-15-16","category-3r","category-4t","category-catala","category-general","category-primaria","category-cicle-mitja"],"post_mailing_queue_ids":[],"_links":{"self":[{"href":"https:\/\/agora.xtec.cat\/ceip-molidevent\/wp-json\/wp\/v2\/posts\/1459","targetHints":{"allow":["GET"]}}],"collection":[{"href":"https:\/\/agora.xtec.cat\/ceip-molidevent\/wp-json\/wp\/v2\/posts"}],"about":[{"href":"https:\/\/agora.xtec.cat\/ceip-molidevent\/wp-json\/wp\/v2\/types\/post"}],"author":[{"embeddable":true,"href":"https:\/\/agora.xtec.cat\/ceip-molidevent\/wp-json\/wp\/v2\/users\/1"}],"replies":[{"embeddable":true,"href":"https:\/\/agora.xtec.cat\/ceip-molidevent\/wp-json\/wp\/v2\/comments?post=1459"}],"version-history":[{"count":3,"href":"https:\/\/agora.xtec.cat\/ceip-molidevent\/wp-json\/wp\/v2\/posts\/1459\/revisions"}],"predecessor-version":[{"id":1464,"href":"https:\/\/agora.xtec.cat\/ceip-molidevent\/wp-json\/wp\/v2\/posts\/1459\/revisions\/1464"}],"wp:attachment":[{"href":"https:\/\/agora.xtec.cat\/ceip-molidevent\/wp-json\/wp\/v2\/media?parent=1459"}],"wp:term":[{"taxonomy":"category","embeddable":true,"href":"https:\/\/agora.xtec.cat\/ceip-molidevent\/wp-json\/wp\/v2\/categories?post=1459"},{"taxonomy":"post_tag","embeddable":true,"href":"https:\/\/agora.xtec.cat\/ceip-molidevent\/wp-json\/wp\/v2\/tags?post=1459"}],"curies":[{"name":"wp","href":"https:\/\/api.w.org\/{rel}","templated":true}]}}