{"id":1404,"date":"2016-04-21T14:35:31","date_gmt":"2016-04-21T13:35:31","guid":{"rendered":"http:\/\/agora.xtec.cat\/ceip-molidevent\/?p=1404"},"modified":"2016-09-01T10:57:43","modified_gmt":"2016-09-01T09:57:43","slug":"1r-un-policia-va-venir-a-fer-unes-sessions-deducacio-vial","status":"publish","type":"post","link":"https:\/\/agora.xtec.cat\/ceip-molidevent\/general\/1r-un-policia-va-venir-a-fer-unes-sessions-deducacio-vial\/","title":{"rendered":"1r: Un policia va venir a fer unes sessions d&#8217;educaci\u00f3 vial."},"content":{"rendered":"<p>El Jes\u00fas, un policia municipal de Torredembarra, va vindre a l\u2019escola Mol\u00ed de Vent a la classe de 1r A, i ens va ensenyar com hem de circular pel carrer, ens va dir que hem de dir als pares qu\u00e8 es posin el cintur\u00f3, i ens va ensenyar els senyals que fan els policies, ens va posar un v\u00eddeo que explicava que primer hem de pensar les coses abans de barallar-nos i ens va ficar un conte a la pissarra m\u00e0gica.<\/p>\n<p><a href=\"http:\/\/agora.xtec.cat\/ceip-molidevent\/wp-content\/uploads\/usu1187\/2016\/04\/Captura6.png\"><img loading=\"lazy\" decoding=\"async\" class=\"aligncenter size-full wp-image-1408\" src=\"http:\/\/agora.xtec.cat\/ceip-molidevent\/wp-content\/uploads\/usu1187\/2016\/04\/Captura6.png\" alt=\"Captura\" width=\"580\" height=\"225\" srcset=\"https:\/\/agora.xtec.cat\/ceip-molidevent\/wp-content\/uploads\/usu1187\/2016\/04\/Captura6.png 580w, https:\/\/agora.xtec.cat\/ceip-molidevent\/wp-content\/uploads\/usu1187\/2016\/04\/Captura6-300x116.png 300w\" sizes=\"auto, (max-width: 580px) 100vw, 580px\" \/><\/a>\u00a0 \u00a0 \u00a0 \u00a0 \u00a0 \u00a0 \u00a0 \u00a0 \u00a0 \u00a0 \u00a0 \u00a0 \u00a0 \u00a0 \u00a0 \u00a0 \u00a0 \u00a0<code>Aqu\u00ed el policia explicant el seu treball als nens i nenes de 1rA<\/code><\/p>\n<p style=\"text-align: right;\">\u00a0 \u00a0 \u00a0 \u00a0 \u00a0 \u00a0 \u00a0 \u00a0 \u00a0 \u00a0 \u00a0 \u00a0 \u00a0 \u00a0 \u00a0 \u00a0 \u00a0 \u00a0 \u00a0 \u00a0 \u00a0 \u00a0 \u00a0 \u00a0 Not\u00edcia feta col\u00b7lectivament pels nens i nenes de 1r A<strong>\u00a0<\/strong><\/p>\n<p>&nbsp;<\/p>\n","protected":false},"excerpt":{"rendered":"<p>El Jes\u00fas, un policia municipal de Torredembarra, va vindre a l\u2019escola Mol\u00ed de Vent a la classe de 1r A, i ens va ensenyar com hem de circular pel carrer, ens va dir que hem de dir als pares qu\u00e8 es posin el cintur\u00f3, i&hellip;  <a href=\"https:\/\/agora.xtec.cat\/ceip-molidevent\/general\/1r-un-policia-va-venir-a-fer-unes-sessions-deducacio-vial\/\" title=\"Read 1r: Un policia va venir a fer unes sessions d&#8217;educaci\u00f3 vial.\">Llegeix m\u00e9s\u00bb<\/a><\/p>\n","protected":false},"author":1,"featured_media":0,"comment_status":"open","ping_status":"open","sticky":false,"template":"","format":"standard","meta":{"_bbp_topic_count":0,"_bbp_reply_count":0,"_bbp_total_topic_count":0,"_bbp_total_reply_count":0,"_bbp_voice_count":0,"_bbp_anonymous_reply_count":0,"_bbp_topic_count_hidden":0,"_bbp_reply_count_hidden":0,"_bbp_forum_subforum_count":0,"footnotes":""},"categories":[66,10,1,5,61],"tags":[],"class_list":["post-1404","post","type-post","status-publish","format-standard","hentry","category-15-16","category-1r","category-general","category-primaria","category-cicle-inicial"],"post_mailing_queue_ids":[],"_links":{"self":[{"href":"https:\/\/agora.xtec.cat\/ceip-molidevent\/wp-json\/wp\/v2\/posts\/1404","targetHints":{"allow":["GET"]}}],"collection":[{"href":"https:\/\/agora.xtec.cat\/ceip-molidevent\/wp-json\/wp\/v2\/posts"}],"about":[{"href":"https:\/\/agora.xtec.cat\/ceip-molidevent\/wp-json\/wp\/v2\/types\/post"}],"author":[{"embeddable":true,"href":"https:\/\/agora.xtec.cat\/ceip-molidevent\/wp-json\/wp\/v2\/users\/1"}],"replies":[{"embeddable":true,"href":"https:\/\/agora.xtec.cat\/ceip-molidevent\/wp-json\/wp\/v2\/comments?post=1404"}],"version-history":[{"count":3,"href":"https:\/\/agora.xtec.cat\/ceip-molidevent\/wp-json\/wp\/v2\/posts\/1404\/revisions"}],"predecessor-version":[{"id":1420,"href":"https:\/\/agora.xtec.cat\/ceip-molidevent\/wp-json\/wp\/v2\/posts\/1404\/revisions\/1420"}],"wp:attachment":[{"href":"https:\/\/agora.xtec.cat\/ceip-molidevent\/wp-json\/wp\/v2\/media?parent=1404"}],"wp:term":[{"taxonomy":"category","embeddable":true,"href":"https:\/\/agora.xtec.cat\/ceip-molidevent\/wp-json\/wp\/v2\/categories?post=1404"},{"taxonomy":"post_tag","embeddable":true,"href":"https:\/\/agora.xtec.cat\/ceip-molidevent\/wp-json\/wp\/v2\/tags?post=1404"}],"curies":[{"name":"wp","href":"https:\/\/api.w.org\/{rel}","templated":true}]}}