{"id":1390,"date":"2016-04-14T15:17:29","date_gmt":"2016-04-14T14:17:29","guid":{"rendered":"http:\/\/agora.xtec.cat\/ceip-molidevent\/?p=1390"},"modified":"2016-09-01T10:57:57","modified_gmt":"2016-09-01T09:57:57","slug":"recomanacions-literaries-del-cicle-inicial-per-aquest-sant-jordi","status":"publish","type":"post","link":"https:\/\/agora.xtec.cat\/ceip-molidevent\/primaria\/recomanacions-literaries-del-cicle-inicial-per-aquest-sant-jordi\/","title":{"rendered":"Recomanacions liter\u00e0ries del cicle inicial per aquest Sant Jordi"},"content":{"rendered":"<p><a href=\"http:\/\/agora.xtec.cat\/ceip-molidevent\/wp-content\/uploads\/usu1187\/2016\/04\/fantasmes.jpg\"><img loading=\"lazy\" decoding=\"async\" class=\"  wp-image-1383 alignright\" src=\"http:\/\/agora.xtec.cat\/ceip-molidevent\/wp-content\/uploads\/usu1187\/2016\/04\/fantasmes.jpg\" alt=\"fantasmes\" width=\"233\" height=\"257\" srcset=\"https:\/\/agora.xtec.cat\/ceip-molidevent\/wp-content\/uploads\/usu1187\/2016\/04\/fantasmes.jpg 317w, https:\/\/agora.xtec.cat\/ceip-molidevent\/wp-content\/uploads\/usu1187\/2016\/04\/fantasmes-272x300.jpg 272w\" sizes=\"auto, (max-width: 233px) 100vw, 233px\" \/><\/a><\/p>\n<h3><span style=\"text-decoration: underline;\"><strong>Els fantasmes no truquen a la porta<\/strong><\/span><\/h3>\n<p style=\"text-align: right;\">L\u2019\u00d3s i la Marmota s\u00f3n amics i sempre juguen junts. \u00c9s genial trobar tresors o cantar i ballar com si foren estreles. Per\u00f2 una vesprada, l\u2019\u00d3s li diu a la Marmota que ha convidat l\u2019\u00c0nec a jugar amb ells. A la Marmota no li agrada l\u2019\u00c0nec. Ni l\u2019\u00c0nec, ni cap altre animal que pugui desbaratar la seua amistat amb l\u2019\u00d3s. Per aix\u00f2 est\u00e0 decidida a evitar que l\u2019\u00c0nec vaja a jugar amb ells. I ser\u00e0 capa\u00e7 de fer el que calgui!<\/p>\n<p style=\"text-align: right;\">Quins embolics provocaran les seues idees esbojarrades?<\/p>\n<p>&nbsp;<\/p>\n<pre>Autor\/a: Rocio Bonilla \/\u00a0Eul\u00e0lia Canal\r\nP\u00e0gines:40\r\nEditorial : ANIMALLIBRES<\/pre>\n<hr \/>\n<p><em>Despr\u00e9s de l&#8217;\u00e8xit de &#8220;Les princeses tamb\u00e9 es tiren pets&#8221;, autor i il\u00b7lustrador han col\u00b7laborat junts altra vegada en el conte &#8220;Els animals tamb\u00e9 es tiren pets&#8221;. Segur que tamb\u00e9 ha de ser molt divertit!<\/em><\/p>\n<h3><strong>\u00a0<\/strong><span style=\"text-decoration: underline;\"><strong>ELS ANIMALS TAMB\u00c9 ES TIREN PETS<a href=\"http:\/\/agora.xtec.cat\/ceip-molidevent\/wp-content\/uploads\/usu1187\/2016\/04\/pets.jpg\"><img loading=\"lazy\" decoding=\"async\" class=\"  wp-image-1389 alignleft\" src=\"http:\/\/agora.xtec.cat\/ceip-molidevent\/wp-content\/uploads\/usu1187\/2016\/04\/pets-911x1024.jpg\" alt=\"pets\" width=\"246\" height=\"277\" srcset=\"https:\/\/agora.xtec.cat\/ceip-molidevent\/wp-content\/uploads\/usu1187\/2016\/04\/pets-911x1024.jpg 911w, https:\/\/agora.xtec.cat\/ceip-molidevent\/wp-content\/uploads\/usu1187\/2016\/04\/pets-267x300.jpg 267w, https:\/\/agora.xtec.cat\/ceip-molidevent\/wp-content\/uploads\/usu1187\/2016\/04\/pets.jpg 1051w\" sizes=\"auto, (max-width: 246px) 100vw, 246px\" \/><\/a><\/strong><\/span><\/h3>\n<p>Alg\u00fa ha vist un dof\u00ed tirar-se un pet? Aquesta \u00e9s una de les preguntes<br \/>\nque surten del cap de la Laura. Descobriu quines van ser les altres<br \/>\npreguntes i divertiu-vos amb una conversa sorprenent, amb humor<br \/>\ni intel\u2022ligent, entre una nena i un pare que gaireb\u00e9 ho sap tot.<\/p>\n<pre> ILAN BRENMAN , ANIMALLIBRES, 2012\r\n P\u00e0gines: 32.\r\n Editorial : ANIMALLIBRES\r\n \u00c0lbum il\u2022lustrat\r\n\r\n       \r\n<\/pre>\n<hr \/>\n<h3><span style=\"text-decoration: underline;\"><strong>La llegenda de Sant Jordi<a href=\"http:\/\/agora.xtec.cat\/ceip-molidevent\/wp-content\/uploads\/usu1187\/2016\/04\/jordi.png\"><img loading=\"lazy\" decoding=\"async\" class=\"  wp-image-1385 alignright\" src=\"http:\/\/agora.xtec.cat\/ceip-molidevent\/wp-content\/uploads\/usu1187\/2016\/04\/jordi.png\" alt=\"jordi\" width=\"250\" height=\"256\" \/><\/a><a href=\"http:\/\/agora.xtec.cat\/ceip-molidevent\/wp-content\/uploads\/usu1187\/2016\/04\/Captura4.png\"><img loading=\"lazy\" decoding=\"async\" class=\" size-full wp-image-1391 alignleft\" src=\"http:\/\/agora.xtec.cat\/ceip-molidevent\/wp-content\/uploads\/usu1187\/2016\/04\/Captura4.png\" alt=\"Captura\" width=\"129\" height=\"128\" \/><\/a><\/strong><\/span><\/h3>\n<p style=\"text-align: right;\">La tradicional llegenda de Sant Jordi, ara explicada d\u2019una manera<br \/>\nmolt especial: amb rimes!<\/p>\n<pre>M\u00e0rius Serra. | Cristina Losantos\r\nP\u00e0gines:24\r\nEditorial : LA LLUNA DE PAPER<\/pre>\n<pre><a href=\"http:\/\/agora.xtec.cat\/ceip-molidevent\/wp-content\/uploads\/usu1187\/2016\/04\/cavaller.jpg\">\u00a0<\/a><\/pre>\n<p>&nbsp;<\/p>\n<p>&nbsp;<\/p>\n<hr \/>\n<h3><span style=\"text-decoration: underline;\"><strong><a href=\"http:\/\/agora.xtec.cat\/ceip-molidevent\/wp-content\/uploads\/usu1187\/2016\/04\/gegant.png\"><img loading=\"lazy\" decoding=\"async\" class=\" size-full wp-image-1384 alignleft\" src=\"http:\/\/agora.xtec.cat\/ceip-molidevent\/wp-content\/uploads\/usu1187\/2016\/04\/gegant.png\" alt=\"gegant\" width=\"200\" height=\"226\" \/><\/a><\/strong><strong>\u00a0<\/strong> <strong>Gegant\u00edssima<\/strong><\/span><\/h3>\n<p>Gegant\u00edssima \u00e9s la hist\u00f2ria d\u2019una nena que tindr\u00e0 una germaneta petita,<br \/>\nper\u00f2 abans de saber-ho, un malent\u00e8s la fa creure que qui arribar a casa ser\u00e0&#8230; una geganteta!<\/p>\n<pre>  Bel Olid\r\n  P\u00e0gines:40\r\n  Editorial : LA LLUNA DE PAPER \r\n\r\n\r\n\r\n\r\n<\/pre>\n<hr \/>\n<h3>\u00a0<span style=\"text-decoration: underline;\"><strong>De quin color \u00e9s un pet\u00f3?<\/strong><\/span><br \/>\n<a href=\"http:\/\/agora.xtec.cat\/ceip-molidevent\/wp-content\/uploads\/usu1187\/2016\/04\/peto.png\"><img loading=\"lazy\" decoding=\"async\" class=\"  wp-image-1388 alignright\" src=\"http:\/\/agora.xtec.cat\/ceip-molidevent\/wp-content\/uploads\/usu1187\/2016\/04\/peto.png\" alt=\"peto\" width=\"383\" height=\"277\" \/><\/a><\/h3>\n<p style=\"text-align: right;\">A la Minimoni li encanta pintar mil coses de colors: marietes vermelles, cels blaus, pl\u00e0tans grocs&#8230; per\u00f2 mai no ha pintat un pet\u00f3. De quin color deu ser? Vermell com una deliciosa salsa de tom\u00e0quet? No,perqu\u00e8 tamb\u00e9 \u00e9s el color de quan est\u00e0s empipat&#8230; Deu ser verd com els cocodrils, que sempre li han semblat tan simp\u00e0tics? Impossible, perqu\u00e8 \u00e9s el color de les verdures i no li agrada menjar-ne! Com podria descobrir de quin color s\u00f3n els petons?<\/p>\n<pre style=\"text-align: right;\">Autor: Roc\u00edo Bonilla\r\nIl\u2022lustrador: Roc\u00edo Bonilla\r\nEdici\u00f3: Animallibres, 2015\r\nP\u00e0gines: 44<\/pre>\n<hr \/>\n<pre style=\"text-align: right;\"><\/pre>\n<h3><span style=\"text-decoration: underline;\"><strong>El meravell\u00f3s peludiu-renudiu-xiquitiu\u00a0<a href=\"http:\/\/agora.xtec.cat\/ceip-molidevent\/wp-content\/uploads\/usu1187\/2016\/04\/meravellos.jpg\"><img loading=\"lazy\" decoding=\"async\" class=\" size-full wp-image-1386 alignleft\" src=\"http:\/\/agora.xtec.cat\/ceip-molidevent\/wp-content\/uploads\/usu1187\/2016\/04\/meravellos.jpg\" alt=\"meravellos\" width=\"223\" height=\"300\" \/><\/a><\/strong><\/span><\/h3>\n<p><em>Que algunes llibres infantil s\u00f3n bonics ja ho sabem, com tamb\u00e9 sabem que, de tant en tant, \u00a0 \u00a0 \u00a0 cau a les nostres mans alguna \u201cjoia\u201d.<\/em><\/p>\n<p>La petita Eddie ha sentit la seva germana gran que deia \u00abaniversari mare peludiu-renudiu- \u00a0 \u00a0 \u00a0 \u00a0 xiquitiu\u00bb i decideix que ella tamb\u00e9 ha de trobar un regal per a la mare. En el seu recorregut \u00a0 \u00a0 \u00a0 per la ciutat, cada botiguer li donar\u00e0 un petit objecte, per\u00f2 cap d\u2019ells \u00e9s el regal meravell\u00f3s \u00a0 \u00a0 \u00a0 \u00a0 que est\u00e0 buscant, el trobar\u00e0? Un \u00e0lbum escrit i il\u00b7lustrat per Beatrice Alemagna sobre la \u00a0 \u00a0 \u00a0 \u00a0 \u00a0 \u00a0 fantasia del m\u00f3n infantil, que ens demostra que qui cerca, acaba trobant.<\/p>\n<pre> Autor\/a: BEATRICE ALEMAGNA\r\n P\u00e0gines: 42 p\u00e1gs. \r\n Editorial : COMBEL\r\n \u00c0lbum il\u2022lustrat<\/pre>\n<hr \/>\n<pre><\/pre>\n<h3><span style=\"text-decoration: underline;\"><strong>EL CAVALLER IMPETU\u00d3S<\/strong>\u2028<a href=\"http:\/\/agora.xtec.cat\/ceip-molidevent\/wp-content\/uploads\/usu1187\/2016\/04\/cavaller.jpg\"><img loading=\"lazy\" decoding=\"async\" class=\"  wp-image-1381 alignright\" src=\"http:\/\/agora.xtec.cat\/ceip-molidevent\/wp-content\/uploads\/usu1187\/2016\/04\/cavaller.jpg\" alt=\"cavaller\" width=\"208\" height=\"295\" srcset=\"https:\/\/agora.xtec.cat\/ceip-molidevent\/wp-content\/uploads\/usu1187\/2016\/04\/cavaller.jpg 318w, https:\/\/agora.xtec.cat\/ceip-molidevent\/wp-content\/uploads\/usu1187\/2016\/04\/cavaller-212x300.jpg 212w\" sizes=\"auto, (max-width: 208px) 100vw, 208px\" \/><\/a><\/span><\/h3>\n<p>Quan un t\u00e9 una tasca urgent, no es pot deixar distreure&#8230; I qu\u00e8 hi ha m\u00e9s urgent que defensar un parterre de maduixes amena\u00e7at per l&#8217;enemic?<\/p>\n<p>El cavaller Impetu\u00f3s se&#8217;n va cap a la batalla. B\u00e9&#8230; Encara no&#8230;<\/p>\n<pre>Gilles Bachelet\r\nP\u00e0gines: 36 p\u00e1gs. \r\nEditorial : JUVENTUD\r\n\u00c0lbum il\u2022lustrat<\/pre>\n<pre><\/pre>\n<hr \/>\n<pre><\/pre>\n<h3><span style=\"text-decoration: underline;\"><strong>En Pere i el bosc<a href=\"http:\/\/agora.xtec.cat\/ceip-molidevent\/wp-content\/uploads\/usu1187\/2016\/04\/pere.jpg\"><img loading=\"lazy\" decoding=\"async\" class=\" size-full wp-image-1387 alignleft\" src=\"http:\/\/agora.xtec.cat\/ceip-molidevent\/wp-content\/uploads\/usu1187\/2016\/04\/pere.jpg\" alt=\"pere\" width=\"200\" height=\"221\" \/><\/a><\/strong><\/span><\/h3>\n<p><em>EL PRIMER LLIBRE DE JAUME CABR\u00c9 ESCRIT PER ALS M\u00c9S PETITS! En Pere ha perdut el \u00a0 \u00a0 seu cami\u00f3\u2026Qui l\u2019ajudar\u00e0 a trobar-lo?<\/em><\/p>\n<p>Un nen que es diu Pere ha sortit de casa seva de nit a la recerca del seu cami\u00f3 de bombers\u00a0i \u00a0 \u00a0 \u00a0 \u00a0 s\u2019ha endinsat al bosc. Uns quants animalons l\u2019observen amb curiositat. Un mussol, un\u00a0esquirol, \u00a0 \u00a0 un eri\u00e7\u00f3\u2026Ell no se n\u2019adona.Qu\u00e8 \u00e9s capa\u00e7 de fer en Pere per recuperar\u00a0el seu cami\u00f3 de \u00a0 \u00a0 \u00a0 \u00a0 \u00a0 \u00a0 \u00a0 \u00a0 bombers?\u00a0Endinsa\u2019t al bosc amb ell! Hi coneixer\u00e0s\u00a0un munt d\u2019animalons ben curiosos\u00a0amb qui \u00a0 \u00a0 \u00a0 viur\u00e0s una fant\u00e0stica\u00a0aventura plena de sorpreses.<\/p>\n<pre>Jaume Cabr\u00e9\r\nP\u00e0gines: 58 p\u00e1gs. \r\nEditorial : LA LLUNA DE PAPER<\/pre>\n<hr \/>\n<pre><\/pre>\n<h3><span style=\"text-decoration: underline;\"><strong>La llegenda del drac que dormia i roncava<\/strong><\/span><strong>\u00a0 \u00a0 <a href=\"http:\/\/agora.xtec.cat\/ceip-molidevent\/wp-content\/uploads\/usu1187\/2016\/04\/drac.jpg\"><img loading=\"lazy\" decoding=\"async\" class=\"  wp-image-1382 alignright\" src=\"http:\/\/agora.xtec.cat\/ceip-molidevent\/wp-content\/uploads\/usu1187\/2016\/04\/drac.jpg\" alt=\"173018_CO_drac dormia i roncava.indd\" width=\"322\" height=\"325\" srcset=\"https:\/\/agora.xtec.cat\/ceip-molidevent\/wp-content\/uploads\/usu1187\/2016\/04\/drac.jpg 600w, https:\/\/agora.xtec.cat\/ceip-molidevent\/wp-content\/uploads\/usu1187\/2016\/04\/drac-150x150.jpg 150w, https:\/\/agora.xtec.cat\/ceip-molidevent\/wp-content\/uploads\/usu1187\/2016\/04\/drac-298x300.jpg 298w\" sizes=\"auto, (max-width: 322px) 100vw, 322px\" \/><\/a>\u00a0 \u00a0 <\/strong><strong>\u00a0 \u00a0 \u00a0 \u00a0 \u00a0 \u00a0 \u00a0 \u00a0 \u00a0 \u00a0 \u00a0 \u00a0 \u00a0\u00a0<\/strong><\/h3>\n<p style=\"text-align: left;\"><em>La primera col\u00b7lecci\u00f3 de contes esbojarrats per a padrins i fillols de lectura. Les \u00a0 nostres tradicions, des d&#8217;una altra perspectiva i amb un toc contemporani. Inclou activitats per passar una bona estona.<\/em><\/p>\n<p style=\"text-align: left;\">Al poble tothom espera el dia en qu\u00e8 celebren la Diada del Drac, per\u00f2 el seu protagonista, el drac m\u00e9s terrible del regne, est\u00e0 adormit i no hi ha manera de despertar-lo. Per molt que ho proven, cap dels intents no serveix per a desvetllar la b\u00e8stia, i el rei comen\u00e7a a preocupar-se de deb\u00f2. La festa m\u00e9s important de l&#8217;any i la reputaci\u00f3 de tot el seu poble estan en joc. Per\u00f2, qu\u00e8 li passa realment al drac?<\/p>\n<pre style=\"text-align: left;\">Autor: Mor, Eva\r\nP\u00e0gines: 32 p\u00e1gs. \r\nEditorial : CRU\u00cfLLA<\/pre>\n","protected":false},"excerpt":{"rendered":"<p><a href=\"http:\/\/agora.xtec.cat\/ceip-molidevent\/wp-content\/uploads\/usu1187\/2016\/04\/fantasmes.jpg\"><\/a><br \/>\nEls fantasmes no truquen a la porta<br \/>\nL\u2019\u00d3s i la Marmota s\u00f3n amics i sempre juguen junts. \u00c9s genial trobar tresors o cantar i ballar com si foren estreles. Per\u00f2 una vesprada, l\u2019\u00d3s li diu a la Marmota que ha convidat l\u2019\u00c0nec a jugar amb&hellip;  <a href=\"https:\/\/agora.xtec.cat\/ceip-molidevent\/primaria\/recomanacions-literaries-del-cicle-inicial-per-aquest-sant-jordi\/\" title=\"Read Recomanacions liter\u00e0ries del cicle inicial per aquest Sant Jordi\">Llegeix m\u00e9s\u00bb<\/a><\/p>\n","protected":false},"author":1,"featured_media":1382,"comment_status":"open","ping_status":"open","sticky":false,"template":"","format":"standard","meta":{"_bbp_topic_count":0,"_bbp_reply_count":0,"_bbp_total_topic_count":0,"_bbp_total_reply_count":0,"_bbp_voice_count":0,"_bbp_anonymous_reply_count":0,"_bbp_topic_count_hidden":0,"_bbp_reply_count_hidden":0,"_bbp_forum_subforum_count":0,"footnotes":""},"categories":[66,10,11,5,61],"tags":[37,25,27],"class_list":["post-1390","post","type-post","status-publish","format-standard","has-post-thumbnail","hentry","category-15-16","category-1r","category-2n","category-primaria","category-cicle-inicial","tag-biblioteca-2","tag-cicle-inicial","tag-sant-jordi"],"post_mailing_queue_ids":[],"_links":{"self":[{"href":"https:\/\/agora.xtec.cat\/ceip-molidevent\/wp-json\/wp\/v2\/posts\/1390","targetHints":{"allow":["GET"]}}],"collection":[{"href":"https:\/\/agora.xtec.cat\/ceip-molidevent\/wp-json\/wp\/v2\/posts"}],"about":[{"href":"https:\/\/agora.xtec.cat\/ceip-molidevent\/wp-json\/wp\/v2\/types\/post"}],"author":[{"embeddable":true,"href":"https:\/\/agora.xtec.cat\/ceip-molidevent\/wp-json\/wp\/v2\/users\/1"}],"replies":[{"embeddable":true,"href":"https:\/\/agora.xtec.cat\/ceip-molidevent\/wp-json\/wp\/v2\/comments?post=1390"}],"version-history":[{"count":3,"href":"https:\/\/agora.xtec.cat\/ceip-molidevent\/wp-json\/wp\/v2\/posts\/1390\/revisions"}],"predecessor-version":[{"id":1397,"href":"https:\/\/agora.xtec.cat\/ceip-molidevent\/wp-json\/wp\/v2\/posts\/1390\/revisions\/1397"}],"wp:featuredmedia":[{"embeddable":true,"href":"https:\/\/agora.xtec.cat\/ceip-molidevent\/wp-json\/wp\/v2\/media\/1382"}],"wp:attachment":[{"href":"https:\/\/agora.xtec.cat\/ceip-molidevent\/wp-json\/wp\/v2\/media?parent=1390"}],"wp:term":[{"taxonomy":"category","embeddable":true,"href":"https:\/\/agora.xtec.cat\/ceip-molidevent\/wp-json\/wp\/v2\/categories?post=1390"},{"taxonomy":"post_tag","embeddable":true,"href":"https:\/\/agora.xtec.cat\/ceip-molidevent\/wp-json\/wp\/v2\/tags?post=1390"}],"curies":[{"name":"wp","href":"https:\/\/api.w.org\/{rel}","templated":true}]}}