{"id":1339,"date":"2016-03-10T15:51:11","date_gmt":"2016-03-10T14:51:11","guid":{"rendered":"http:\/\/agora.xtec.cat\/ceip-molidevent\/?p=1339"},"modified":"2016-05-26T15:14:31","modified_gmt":"2016-05-26T14:14:31","slug":"6e-visitem-el-gimnas-anura","status":"publish","type":"post","link":"https:\/\/agora.xtec.cat\/ceip-molidevent\/general\/6e-visitem-el-gimnas-anura\/","title":{"rendered":"6\u00e8: visitem el gimn\u00e0s Anura"},"content":{"rendered":"<p>Els alumnes de 6\u00e8 han estat treballant les activitats f\u00edsiques que es realitzen al gimn\u00e0s i com activitat final han anat al <a href=\"http:\/\/www.fitnessclubanura.com\/\" target=\"_blank\">gimn\u00e0s Anura<\/a> per posar en pr\u00e0ctica all\u00f2 que han apr\u00e8s.\u00a0<a href=\"http:\/\/agora.xtec.cat\/ceip-molidevent\/wp-content\/uploads\/usu1187\/2016\/03\/anura.png\"><img loading=\"lazy\" decoding=\"async\" class=\"  wp-image-1340 alignright\" src=\"http:\/\/agora.xtec.cat\/ceip-molidevent\/wp-content\/uploads\/usu1187\/2016\/03\/anura.png\" alt=\"anura\" width=\"382\" height=\"580\" srcset=\"https:\/\/agora.xtec.cat\/ceip-molidevent\/wp-content\/uploads\/usu1187\/2016\/03\/anura.png 408w, https:\/\/agora.xtec.cat\/ceip-molidevent\/wp-content\/uploads\/usu1187\/2016\/03\/anura-197x300.png 197w\" sizes=\"auto, (max-width: 382px) 100vw, 382px\" \/><\/a><\/p>\n<p>Els alumnes de 6\u00e8A van anar el divendres 29 de gener i els alumnes de 6\u00e8B el dilluns 25 de gener. La sortida es va fer a l\u2019hora de la classe d\u2019educaci\u00f3 f\u00edsica durant la tarda i va ser molt educativa i divertida.<\/p>\n<p>Per comen\u00e7ar van \u00a0realitzar exercici f\u00edsic a la sala de m\u00e0quines dirigits per un monitor especialitzat. Despr\u00e9s van provar durant uns minuts les bicis de les classes de spinning i les cintes per c\u00f3rrer.<\/p>\n<p>Finalment a la sala d\u2019activitats dirigides van poder gaudir del material que disposava el gimn\u00e0s, i van tastar els steps, les peses i barres de poc pes i els matalassos que es fan servir per fer els exercicis.<\/p>\n<p>Agra\u00efm a l\u2019Anna, la directora del centre Anura, la seva col\u00b7laboraci\u00f3 ja que ens ha perm\u00e8s fer \u00fas de les instal\u00b7lacions de forma gratu\u00efta i, a m\u00e9s a m\u00e9s, ens ha obsequiat amb vals de 2&#215;1, per gaudir de les seves instal\u00b7lacions.<\/p>\n<p>La sortida ha estat tot un \u00e8xit i esperem repetir-la l\u2019any vinent. Va ser un dia diferent, on van poder gaudir d\u2019un dia de gimn\u00e0s per aprendre a estimar al nostre cos realitzant exercici f\u00edsic. Una experi\u00e8ncia inoblidable pels nostres alumnes!!!<a href=\"http:\/\/agora.xtec.cat\/ceip-molidevent\/wp-content\/uploads\/usu1187\/2016\/03\/anura.png\"><br \/>\n<\/a><\/p>\n","protected":false},"excerpt":{"rendered":"<p>Els alumnes de 6\u00e8 han estat treballant les activitats f\u00edsiques que es realitzen al gimn\u00e0s i com activitat final han anat al <a href=\"http:\/\/www.fitnessclubanura.com\/\" target=\"_blank\">gimn\u00e0s Anura<\/a> per posar en pr\u00e0ctica all\u00f2 que han apr\u00e8s.\u00a0<a href=\"http:\/\/agora.xtec.cat\/ceip-molidevent\/wp-content\/uploads\/usu1187\/2016\/03\/anura.png\"><\/a><br \/>\nEls alumnes de 6\u00e8A van anar el divendres 29 de gener&hellip;  <a href=\"https:\/\/agora.xtec.cat\/ceip-molidevent\/general\/6e-visitem-el-gimnas-anura\/\" title=\"Read 6\u00e8: visitem el gimn\u00e0s Anura\">Llegeix m\u00e9s\u00bb<\/a><\/p>\n","protected":false},"author":1,"featured_media":0,"comment_status":"open","ping_status":"open","sticky":false,"template":"","format":"standard","meta":{"_bbp_topic_count":0,"_bbp_reply_count":0,"_bbp_total_topic_count":0,"_bbp_total_reply_count":0,"_bbp_voice_count":0,"_bbp_anonymous_reply_count":0,"_bbp_topic_count_hidden":0,"_bbp_reply_count_hidden":0,"_bbp_forum_subforum_count":0,"footnotes":""},"categories":[66,15,46,1,5,26],"tags":[],"class_list":["post-1339","post","type-post","status-publish","format-standard","hentry","category-15-16","category-6e","category-educacio-fisica","category-general","category-primaria","category-cicle-superior"],"post_mailing_queue_ids":[],"_links":{"self":[{"href":"https:\/\/agora.xtec.cat\/ceip-molidevent\/wp-json\/wp\/v2\/posts\/1339","targetHints":{"allow":["GET"]}}],"collection":[{"href":"https:\/\/agora.xtec.cat\/ceip-molidevent\/wp-json\/wp\/v2\/posts"}],"about":[{"href":"https:\/\/agora.xtec.cat\/ceip-molidevent\/wp-json\/wp\/v2\/types\/post"}],"author":[{"embeddable":true,"href":"https:\/\/agora.xtec.cat\/ceip-molidevent\/wp-json\/wp\/v2\/users\/1"}],"replies":[{"embeddable":true,"href":"https:\/\/agora.xtec.cat\/ceip-molidevent\/wp-json\/wp\/v2\/comments?post=1339"}],"version-history":[{"count":1,"href":"https:\/\/agora.xtec.cat\/ceip-molidevent\/wp-json\/wp\/v2\/posts\/1339\/revisions"}],"predecessor-version":[{"id":1341,"href":"https:\/\/agora.xtec.cat\/ceip-molidevent\/wp-json\/wp\/v2\/posts\/1339\/revisions\/1341"}],"wp:attachment":[{"href":"https:\/\/agora.xtec.cat\/ceip-molidevent\/wp-json\/wp\/v2\/media?parent=1339"}],"wp:term":[{"taxonomy":"category","embeddable":true,"href":"https:\/\/agora.xtec.cat\/ceip-molidevent\/wp-json\/wp\/v2\/categories?post=1339"},{"taxonomy":"post_tag","embeddable":true,"href":"https:\/\/agora.xtec.cat\/ceip-molidevent\/wp-json\/wp\/v2\/tags?post=1339"}],"curies":[{"name":"wp","href":"https:\/\/api.w.org\/{rel}","templated":true}]}}