{"id":1336,"date":"2016-03-10T15:38:13","date_gmt":"2016-03-10T14:38:13","guid":{"rendered":"http:\/\/agora.xtec.cat\/ceip-molidevent\/?p=1336"},"modified":"2016-05-26T15:14:31","modified_gmt":"2016-05-26T14:14:31","slug":"4t-sortida-al-padel-indoor-de-torredembarra","status":"publish","type":"post","link":"https:\/\/agora.xtec.cat\/ceip-molidevent\/general\/4t-sortida-al-padel-indoor-de-torredembarra\/","title":{"rendered":"4t: sortida al P\u00e0del Indoor de Torredembarra"},"content":{"rendered":"<p>Els alumnes de 4t han estat treballant el p\u00e0del aquest segon trimestre i per posar en pr\u00e0ctica all\u00f2 que han apr\u00e8s, han anat al <a href=\"http:\/\/www.padelindoortorredembarra.com\/\" target=\"_blank\">P\u00e0del Indoor de Torredembarra<\/a>.\u00a0<a href=\"http:\/\/agora.xtec.cat\/ceip-molidevent\/wp-content\/uploads\/usu1187\/2016\/03\/padel.png\"><img loading=\"lazy\" decoding=\"async\" class=\"  wp-image-1337 alignright\" src=\"http:\/\/agora.xtec.cat\/ceip-molidevent\/wp-content\/uploads\/usu1187\/2016\/03\/padel.png\" alt=\"padel\" width=\"375\" height=\"551\" srcset=\"https:\/\/agora.xtec.cat\/ceip-molidevent\/wp-content\/uploads\/usu1187\/2016\/03\/padel.png 452w, https:\/\/agora.xtec.cat\/ceip-molidevent\/wp-content\/uploads\/usu1187\/2016\/03\/padel-204x300.png 204w\" sizes=\"auto, (max-width: 375px) 100vw, 375px\" \/><\/a><\/p>\n<p>Els alumnes de 4tA van anar el dimecres 2 de mar\u00e7 i els alumnes de 4tB el divendres 4 de mar\u00e7. L\u2019activitat va durar dues hores i mitja i va ser molt educativa i divertida.<\/p>\n<p>Durant dues hores i mitja els alumnes van gaudir de jocs i diferents activitats que els hi van preparar els monitors de les instal\u00b7lacions i per finalitzar, aprofitant les 6 pistes de les que disposa el centre, van poder jugar partits. Els alumnes van quedar encantats amb l\u2019experi\u00e8ncia i amb tot el que van aprendre.<\/p>\n<p>Volem agrair al Manu, director del P\u00e0del Indoor de Torredembarra, la seva col\u00b7laboraci\u00f3 ja que ens ha perm\u00e8s fer \u00fas de les instal\u00b7lacions de forma gratu\u00efta i, a m\u00e9s a m\u00e9s, els ha aportat als nostres alumnes classes espec\u00edfiques d\u2019aquest esport, juntament amb el Jose (l\u2019altre monitor).<\/p>\n<p>La sortida ha estat tot un \u00e8xit i esperem repetir-la l\u2019any vinent. Va ser un dia diferent, on van poder gaudir d\u2019un dia en unes instal\u00b7lacions magn\u00edfiques realitzant exercici f\u00edsic i un esport que est\u00e0 de moda: el p\u00e0del. Una experi\u00e8ncia que no oblidaran els nostres alumnes!!<\/p>\n","protected":false},"excerpt":{"rendered":"<p>Els alumnes de 4t han estat treballant el p\u00e0del aquest segon trimestre i per posar en pr\u00e0ctica all\u00f2 que han apr\u00e8s, han anat al <a href=\"http:\/\/www.padelindoortorredembarra.com\/\" target=\"_blank\">P\u00e0del Indoor de Torredembarra<\/a>.\u00a0<a href=\"http:\/\/agora.xtec.cat\/ceip-molidevent\/wp-content\/uploads\/usu1187\/2016\/03\/padel.png\"><\/a><br \/>\nEls alumnes de 4tA van anar el dimecres 2 de mar\u00e7 i els alumnes de&hellip;  <a href=\"https:\/\/agora.xtec.cat\/ceip-molidevent\/general\/4t-sortida-al-padel-indoor-de-torredembarra\/\" title=\"Read 4t: sortida al P\u00e0del Indoor de Torredembarra\">Llegeix m\u00e9s\u00bb<\/a><\/p>\n","protected":false},"author":1,"featured_media":0,"comment_status":"open","ping_status":"open","sticky":false,"template":"","format":"standard","meta":{"_bbp_topic_count":0,"_bbp_reply_count":0,"_bbp_total_topic_count":0,"_bbp_total_reply_count":0,"_bbp_voice_count":0,"_bbp_anonymous_reply_count":0,"_bbp_topic_count_hidden":0,"_bbp_reply_count_hidden":0,"_bbp_forum_subforum_count":0,"footnotes":""},"categories":[66,13,46,1,5,78],"tags":[],"class_list":["post-1336","post","type-post","status-publish","format-standard","hentry","category-15-16","category-4t","category-educacio-fisica","category-general","category-primaria","category-cicle-mitja"],"post_mailing_queue_ids":[],"_links":{"self":[{"href":"https:\/\/agora.xtec.cat\/ceip-molidevent\/wp-json\/wp\/v2\/posts\/1336","targetHints":{"allow":["GET"]}}],"collection":[{"href":"https:\/\/agora.xtec.cat\/ceip-molidevent\/wp-json\/wp\/v2\/posts"}],"about":[{"href":"https:\/\/agora.xtec.cat\/ceip-molidevent\/wp-json\/wp\/v2\/types\/post"}],"author":[{"embeddable":true,"href":"https:\/\/agora.xtec.cat\/ceip-molidevent\/wp-json\/wp\/v2\/users\/1"}],"replies":[{"embeddable":true,"href":"https:\/\/agora.xtec.cat\/ceip-molidevent\/wp-json\/wp\/v2\/comments?post=1336"}],"version-history":[{"count":1,"href":"https:\/\/agora.xtec.cat\/ceip-molidevent\/wp-json\/wp\/v2\/posts\/1336\/revisions"}],"predecessor-version":[{"id":1338,"href":"https:\/\/agora.xtec.cat\/ceip-molidevent\/wp-json\/wp\/v2\/posts\/1336\/revisions\/1338"}],"wp:attachment":[{"href":"https:\/\/agora.xtec.cat\/ceip-molidevent\/wp-json\/wp\/v2\/media?parent=1336"}],"wp:term":[{"taxonomy":"category","embeddable":true,"href":"https:\/\/agora.xtec.cat\/ceip-molidevent\/wp-json\/wp\/v2\/categories?post=1336"},{"taxonomy":"post_tag","embeddable":true,"href":"https:\/\/agora.xtec.cat\/ceip-molidevent\/wp-json\/wp\/v2\/tags?post=1336"}],"curies":[{"name":"wp","href":"https:\/\/api.w.org\/{rel}","templated":true}]}}