{"id":1269,"date":"2016-02-22T15:24:03","date_gmt":"2016-02-22T14:24:03","guid":{"rendered":"http:\/\/agora.xtec.cat\/ceip-molidevent\/?p=1269"},"modified":"2016-09-01T11:00:21","modified_gmt":"2016-09-01T10:00:21","slug":"ens-visita-la-dra-talarn","status":"publish","type":"post","link":"https:\/\/agora.xtec.cat\/ceip-molidevent\/general\/ens-visita-la-dra-talarn\/","title":{"rendered":"ENS VISITA LA Dra. TALARN"},"content":{"rendered":"<p style=\"text-align: left;\">Els alumnes de 3r. estem treballant el cos hum\u00e0. Per tal de saber m\u00e9s coses relacionades amb l&#8217;aparell circulatori, hem convidat la Dra. Talarn hemat\u00f2loga de\u00a0I&#8217;Hospital\u00a0Universitari\u00a0Joan XXIII de\u00a0Tarragona.<\/p>\n<p style=\"text-align: left;\">Amb aquesta visita hem apr\u00e8s m\u00e9s coses relacionades amb la sang, el seu funcionament, els seus components, els grups sanguinis&#8230; Tamb\u00e9, hem pres consci\u00e8ncia de la import\u00e0ncia de donar sang.<\/p>\n<p style=\"text-align: left;\">D\u00d3NA SANG, D\u00d3NA VIDA!!!!<\/p>\n<p style=\"text-align: left;\">Aqu\u00ed us pengem dues fotos per compartir amb vosaltres aquest moment.<\/p>\n<p style=\"text-align: left;\"><a href=\"http:\/\/agora.xtec.cat\/ceip-molidevent\/wp-content\/uploads\/usu1187\/2016\/02\/IMG_3174.jpg\"><img loading=\"lazy\" decoding=\"async\" class=\"alignnone size-large wp-image-1270\" src=\"http:\/\/agora.xtec.cat\/ceip-molidevent\/wp-content\/uploads\/usu1187\/2016\/02\/IMG_3174-1024x765.jpg\" alt=\"IMG_3174\" width=\"1024\" height=\"765\" srcset=\"https:\/\/agora.xtec.cat\/ceip-molidevent\/wp-content\/uploads\/usu1187\/2016\/02\/IMG_3174-1024x765.jpg 1024w, https:\/\/agora.xtec.cat\/ceip-molidevent\/wp-content\/uploads\/usu1187\/2016\/02\/IMG_3174-300x224.jpg 300w, https:\/\/agora.xtec.cat\/ceip-molidevent\/wp-content\/uploads\/usu1187\/2016\/02\/IMG_3174-200x150.jpg 200w\" sizes=\"auto, (max-width: 1024px) 100vw, 1024px\" \/><\/a><a href=\"http:\/\/agora.xtec.cat\/ceip-molidevent\/wp-content\/uploads\/usu1187\/2016\/02\/IMG_3177.jpg\"><img loading=\"lazy\" decoding=\"async\" class=\"alignnone size-large wp-image-1271\" src=\"http:\/\/agora.xtec.cat\/ceip-molidevent\/wp-content\/uploads\/usu1187\/2016\/02\/IMG_3177-1024x765.jpg\" alt=\"IMG_3177\" width=\"1024\" height=\"765\" srcset=\"https:\/\/agora.xtec.cat\/ceip-molidevent\/wp-content\/uploads\/usu1187\/2016\/02\/IMG_3177-1024x765.jpg 1024w, https:\/\/agora.xtec.cat\/ceip-molidevent\/wp-content\/uploads\/usu1187\/2016\/02\/IMG_3177-300x224.jpg 300w, https:\/\/agora.xtec.cat\/ceip-molidevent\/wp-content\/uploads\/usu1187\/2016\/02\/IMG_3177-200x150.jpg 200w\" sizes=\"auto, (max-width: 1024px) 100vw, 1024px\" \/><\/a><\/p>\n<p style=\"text-align: left;\">MOLTES GR\u00c0CIES Dra. TALARN!!!<\/p>\n","protected":false},"excerpt":{"rendered":"<p>Els alumnes de 3r. estem treballant el cos hum\u00e0. Per tal de saber m\u00e9s coses relacionades amb l&#8217;aparell circulatori, hem convidat la Dra. Talarn hemat\u00f2loga de\u00a0I&#8217;Hospital\u00a0Universitari\u00a0Joan XXIII de\u00a0Tarragona.<br \/>\nAmb aquesta visita hem apr\u00e8s m\u00e9s coses relacionades amb la sang, el seu funcionament, els seus components, els&hellip;  <a href=\"https:\/\/agora.xtec.cat\/ceip-molidevent\/general\/ens-visita-la-dra-talarn\/\" title=\"Read ENS VISITA LA Dra. TALARN\">Llegeix m\u00e9s\u00bb<\/a><\/p>\n","protected":false},"author":1,"featured_media":0,"comment_status":"open","ping_status":"open","sticky":false,"template":"","format":"standard","meta":{"_bbp_topic_count":0,"_bbp_reply_count":0,"_bbp_total_topic_count":0,"_bbp_total_reply_count":0,"_bbp_voice_count":0,"_bbp_anonymous_reply_count":0,"_bbp_topic_count_hidden":0,"_bbp_reply_count_hidden":0,"_bbp_forum_subforum_count":0,"footnotes":""},"categories":[66,12,1,47,5,78],"tags":[],"class_list":["post-1269","post","type-post","status-publish","format-standard","hentry","category-15-16","category-3r","category-general","category-medi","category-primaria","category-cicle-mitja"],"post_mailing_queue_ids":[],"_links":{"self":[{"href":"https:\/\/agora.xtec.cat\/ceip-molidevent\/wp-json\/wp\/v2\/posts\/1269","targetHints":{"allow":["GET"]}}],"collection":[{"href":"https:\/\/agora.xtec.cat\/ceip-molidevent\/wp-json\/wp\/v2\/posts"}],"about":[{"href":"https:\/\/agora.xtec.cat\/ceip-molidevent\/wp-json\/wp\/v2\/types\/post"}],"author":[{"embeddable":true,"href":"https:\/\/agora.xtec.cat\/ceip-molidevent\/wp-json\/wp\/v2\/users\/1"}],"replies":[{"embeddable":true,"href":"https:\/\/agora.xtec.cat\/ceip-molidevent\/wp-json\/wp\/v2\/comments?post=1269"}],"version-history":[{"count":2,"href":"https:\/\/agora.xtec.cat\/ceip-molidevent\/wp-json\/wp\/v2\/posts\/1269\/revisions"}],"predecessor-version":[{"id":1273,"href":"https:\/\/agora.xtec.cat\/ceip-molidevent\/wp-json\/wp\/v2\/posts\/1269\/revisions\/1273"}],"wp:attachment":[{"href":"https:\/\/agora.xtec.cat\/ceip-molidevent\/wp-json\/wp\/v2\/media?parent=1269"}],"wp:term":[{"taxonomy":"category","embeddable":true,"href":"https:\/\/agora.xtec.cat\/ceip-molidevent\/wp-json\/wp\/v2\/categories?post=1269"},{"taxonomy":"post_tag","embeddable":true,"href":"https:\/\/agora.xtec.cat\/ceip-molidevent\/wp-json\/wp\/v2\/tags?post=1269"}],"curies":[{"name":"wp","href":"https:\/\/api.w.org\/{rel}","templated":true}]}}