{"id":1263,"date":"2016-02-19T12:33:05","date_gmt":"2016-02-19T11:33:05","guid":{"rendered":"http:\/\/agora.xtec.cat\/ceip-molidevent\/?p=1263"},"modified":"2016-09-01T11:00:28","modified_gmt":"2016-09-01T10:00:28","slug":"5e-visita-a-lajuntament-de-torredembarra","status":"publish","type":"post","link":"https:\/\/agora.xtec.cat\/ceip-molidevent\/primaria\/5e-visita-a-lajuntament-de-torredembarra\/","title":{"rendered":"5\u00e8: Visita a l&#8217;Ajuntament de Torredembarra"},"content":{"rendered":"<p>El dia 9 de febrer de 2016, els alumnes i professors de 5\u00e8, amb el Joan, el nostre director, vam anar a l\u2019Ajuntament de Torredembarra.<a href=\"http:\/\/agora.xtec.cat\/ceip-molidevent\/wp-content\/uploads\/usu1187\/2016\/02\/ajunta.png\"><img loading=\"lazy\" decoding=\"async\" class=\"  wp-image-1264 alignright\" src=\"http:\/\/agora.xtec.cat\/ceip-molidevent\/wp-content\/uploads\/usu1187\/2016\/02\/ajunta.png\" alt=\"ajunta\" width=\"269\" height=\"359\" srcset=\"https:\/\/agora.xtec.cat\/ceip-molidevent\/wp-content\/uploads\/usu1187\/2016\/02\/ajunta.png 442w, https:\/\/agora.xtec.cat\/ceip-molidevent\/wp-content\/uploads\/usu1187\/2016\/02\/ajunta-225x300.png 225w\" sizes=\"auto, (max-width: 269px) 100vw, 269px\" \/><\/a><\/p>\n<p>Vam anar-hi perqu\u00e8 estem estudiant com les persones s\u2019organitzen.<\/p>\n<p>Quan vam arribar a l\u2019Ajuntament ens van portar a una sala, la sala de plens, on vam fer preguntes a l\u2019alcalde i al regidor d\u2019educaci\u00f3.<\/p>\n<p>Els vam preguntar sobre moltes coses, com per exemple si hi havia hagut alguna alcaldessa a la Torre i si hi ha un despatx per a cada regidoria i regidor\/a?<\/p>\n<p>A continuaci\u00f3, l\u2019alcalde va marxar i el regidor d\u2019educaci\u00f3, en Jordi Sol\u00e9, ens va fer preguntes a nosaltres, \u00a0com per exemple, qu\u00e8 ens agradava m\u00e9s del poble i qu\u00e8 no.<\/p>\n<p>Despr\u00e9s, el mateix regidor ens va portar a veure on treballen les diferents regidories i el seu funcionament.<\/p>\n<p>Finalment, ens vam despedir i vam marxar.<\/p>\n<p style=\"text-align: right;\">IKRAM EL MIRI<\/p>\n<hr \/>\n<p style=\"text-align: right;\">\n<p>El passat dimarts 10 de febrer els alumnes de l\u2019escola Mol\u00ed de Vent van anar a passar el mat\u00ed l\u2019Ajuntament del seu poble.<\/p>\n<p><a href=\"http:\/\/agora.xtec.cat\/ceip-molidevent\/wp-content\/uploads\/usu1187\/2016\/02\/ajuntamentmarti.gif\"><img loading=\"lazy\" decoding=\"async\" class=\"  wp-image-1277 alignleft\" src=\"http:\/\/agora.xtec.cat\/ceip-molidevent\/wp-content\/uploads\/usu1187\/2016\/02\/ajuntamentmarti.gif\" alt=\"ajuntamentmarti\" width=\"441\" height=\"294\" \/><\/a>\u00a0El motiu de la visita era que estan estudiant qui s\u00f3n el regidors \u00a0i l\u2019alcalde del seu municipi.<\/p>\n<p>All\u00e0 els van explicar que l\u2019ajuntament antigament era un \u00a0castell \u00a0que pertanyia a la fam\u00edlia dels Icards, que venien \u00a0d\u2019It\u00e0lia i \u00a0tenien molts diners.<\/p>\n<p>Els alumnes de 5\u00e8 van tenir un cop de sort, perqu\u00e8 els va \u00a0fer \u00a0una petita part de la guia l\u2019Alcalde de Torredembarra, \u00a0Eduard \u00a0Rovira, que pertany al partit pol\u00edtic d\u2019ERC. L\u2019altra \u00a0part de la \u00a0visita la van fer amb el primer Tinent d\u2019Alcalde, \u00a0Jordi Sol\u00e9, que \u00a0pertany al partit pol\u00edtic del PSC.<\/p>\n<p>A un dels alumnes de 5\u00e8 B, Mart\u00ed Guasch, li va impressionar molt que a l\u2019Ajuntament hi havia una m\u00e0quina dispensadora d\u2019aliments!<\/p>\n<p>Els alumnes van tenir un bon comportament i van estar molt atents, fent preguntes i escoltant les respostes.<\/p>\n<p style=\"text-align: right;\">MART\u00cd GUASCH<\/p>\n","protected":false},"excerpt":{"rendered":"<p>El dia 9 de febrer de 2016, els alumnes i professors de 5\u00e8, amb el Joan, el nostre director, vam anar a l\u2019Ajuntament de Torredembarra.<a href=\"http:\/\/agora.xtec.cat\/ceip-molidevent\/wp-content\/uploads\/usu1187\/2016\/02\/ajunta.png\"><\/a><br \/>\nVam anar-hi perqu\u00e8 estem estudiant com les persones s\u2019organitzen.<br \/>\nQuan vam arribar a l\u2019Ajuntament ens van portar a una sala, la&hellip;  <a href=\"https:\/\/agora.xtec.cat\/ceip-molidevent\/primaria\/5e-visita-a-lajuntament-de-torredembarra\/\" title=\"Read 5\u00e8: Visita a l&#8217;Ajuntament de Torredembarra\">Llegeix m\u00e9s\u00bb<\/a><\/p>\n","protected":false},"author":1,"featured_media":0,"comment_status":"open","ping_status":"open","sticky":false,"template":"","format":"standard","meta":{"_bbp_topic_count":0,"_bbp_reply_count":0,"_bbp_total_topic_count":0,"_bbp_total_reply_count":0,"_bbp_voice_count":0,"_bbp_anonymous_reply_count":0,"_bbp_topic_count_hidden":0,"_bbp_reply_count_hidden":0,"_bbp_forum_subforum_count":0,"footnotes":""},"categories":[66,14,5,26],"tags":[76,32,77,16],"class_list":["post-1263","post","type-post","status-publish","format-standard","hentry","category-15-16","category-5e","category-primaria","category-cicle-superior","tag-cicle-superior","tag-cinque","tag-primaria","tag-sortides"],"post_mailing_queue_ids":[],"_links":{"self":[{"href":"https:\/\/agora.xtec.cat\/ceip-molidevent\/wp-json\/wp\/v2\/posts\/1263","targetHints":{"allow":["GET"]}}],"collection":[{"href":"https:\/\/agora.xtec.cat\/ceip-molidevent\/wp-json\/wp\/v2\/posts"}],"about":[{"href":"https:\/\/agora.xtec.cat\/ceip-molidevent\/wp-json\/wp\/v2\/types\/post"}],"author":[{"embeddable":true,"href":"https:\/\/agora.xtec.cat\/ceip-molidevent\/wp-json\/wp\/v2\/users\/1"}],"replies":[{"embeddable":true,"href":"https:\/\/agora.xtec.cat\/ceip-molidevent\/wp-json\/wp\/v2\/comments?post=1263"}],"version-history":[{"count":3,"href":"https:\/\/agora.xtec.cat\/ceip-molidevent\/wp-json\/wp\/v2\/posts\/1263\/revisions"}],"predecessor-version":[{"id":1278,"href":"https:\/\/agora.xtec.cat\/ceip-molidevent\/wp-json\/wp\/v2\/posts\/1263\/revisions\/1278"}],"wp:attachment":[{"href":"https:\/\/agora.xtec.cat\/ceip-molidevent\/wp-json\/wp\/v2\/media?parent=1263"}],"wp:term":[{"taxonomy":"category","embeddable":true,"href":"https:\/\/agora.xtec.cat\/ceip-molidevent\/wp-json\/wp\/v2\/categories?post=1263"},{"taxonomy":"post_tag","embeddable":true,"href":"https:\/\/agora.xtec.cat\/ceip-molidevent\/wp-json\/wp\/v2\/tags?post=1263"}],"curies":[{"name":"wp","href":"https:\/\/api.w.org\/{rel}","templated":true}]}}