{"id":1219,"date":"2016-02-11T15:24:07","date_gmt":"2016-02-11T14:24:07","guid":{"rendered":"http:\/\/agora.xtec.cat\/ceip-molidevent\/?p=1219"},"modified":"2016-09-01T11:00:42","modified_gmt":"2016-09-01T10:00:42","slug":"properament-preinscripcions-2016-2017","status":"publish","type":"post","link":"https:\/\/agora.xtec.cat\/ceip-molidevent\/15-16\/properament-preinscripcions-2016-2017\/","title":{"rendered":"Properament: preinscripcions 2016-2017"},"content":{"rendered":"<div class=\"FW_sArticleFoto\">\n<div class=\"FW_sEditPro\">\n<p>La preinscripci\u00f3 \u00e9s el tr\u00e0mit que cal fer per ser adm\u00e8s per primera vegada en un centre sostingut amb fons p\u00fablics, i tamb\u00e9 quan es vol canviar de centre.<\/p>\n<p>Per fer la preinscripci\u00f3 cal:<\/p>\n<ul>\n<li>con\u00e8ixer el calendari de tot el proc\u00e9s,<\/li>\n<li>consultar els\u00a0centres i l&#8217;oferta de places escolars,<\/li>\n<li>con\u00e8ixer els criteris de prioritat amb qu\u00e8 s&#8217;ordenen les sol\u00b7licituds i tamb\u00e9 la documentaci\u00f3 necess\u00e0ria per justificar-los,<\/li>\n<li>presentar la sol\u00b7licitud i la documentaci\u00f3 en el termini que s&#8217;estableixi.<\/li>\n<\/ul>\n<p>Les sol\u00b7licituds s&#8217;ordenen d&#8217;acord amb l&#8217;aplicaci\u00f3 dels <strong>criteris de prioritat<\/strong><\/p>\n<p>Cada centre educatiu us pot informar del seu projecte educatiu, dels ensenyaments que imparteix, de les places de qu\u00e8 disposa, de l&#8217;adscripci\u00f3 a altres centres i si t\u00e9 mitjans espec\u00edfics d&#8217;adaptaci\u00f3 a determinades discapacitats dels alumnes. Normalment els centres organitzen jornades de portes obertes abans del per\u00edode de preinscripci\u00f3.<\/p>\n<p>Cada any el Departament publica la resoluci\u00f3 que regula el proc\u00e9s de preinscripci\u00f3, on s&#8217;estableixen les dates i els terminis que s\u00f3n espec\u00edfics per a cada ensenyament.<\/p>\n<\/div>\n<\/div>\n<div class=\"FW_clear FW_hrBlanc\"><\/div>\n<div class=\"FW_sPregunta FW_sImpacte\">\n<h4 id=\"FW_bloc_a9e04ba0-55e8-11e4-aafa-000c29f68999_1\" class=\"FW_ancora\">Dates de la preinscripci\u00f3 del curs 2016-2017<\/h4>\n<div class=\"FW_sArticleFoto\">\n<div class=\"FW_sEditPro\">\n<p>Est\u00e0 en tr\u00e0mit de publicaci\u00f3 al DOGC la resoluci\u00f3 per a la preinscripci\u00f3 del curs 2016-2017 per als ensenyaments d&#8217;educaci\u00f3 infantil, educaci\u00f3 prim\u00e0ria, educaci\u00f3 secund\u00e0ria obligat\u00f2ria, centres integrats i ensenyaments professionals de m\u00fasica i dansa.<\/p>\n<p>Els terminis previstos de <strong>presentaci\u00f3 de sol\u00b7licituds<\/strong> s\u00f3n:<\/p>\n<ul>\n<li>Del\u00a0<strong>30 de mar\u00e7 al 7 d&#8217;abril<\/strong>, per al segon cicle d&#8217;educaci\u00f3 infantil, educaci\u00f3 prim\u00e0ria, centres integrats i educaci\u00f3 secund\u00e0ria obligat\u00f2ria<\/li>\n<\/ul>\n<ul>\n<li>Del <strong>30 de mar\u00e7 al 15 d&#8217;abril<\/strong>, per als ensenyaments professionals de m\u00fasica i dansa<\/li>\n<\/ul>\n<ul>\n<li>Del <strong>2\u00a0al 13 de maig<\/strong>, per a les llars d&#8217;infants. Els ajuntaments que tenen delegades les compet\u00e8ncies en relaci\u00f3 a les llars d&#8217;infants poden establir un calendari propi, per tant, en aquests casos, caldr\u00e0 consultar-los<\/li>\n<\/ul>\n<p>Properament s&#8217;informar\u00e0 dels terminis de preinscripci\u00f3 per a la resta d&#8217;ensenyaments<strong>.<\/strong><\/p>\n<\/div>\n<\/div>\n<div class=\"FW_clear FW_hrBlanc\"><\/div>\n<\/div>\n<div class=\"FW_sTitolFons\"><\/div>\n<div class=\"FW_sPregunta FW_sImpacte\">\n<h4 id=\"FW_bloc_a9e04ba0-55e8-11e4-aafa-000c29f68999_2\" class=\"FW_ancora\">Criteris de prioritat per a l&#8217;ordenaci\u00f3 de les sol\u00b7licituds<\/h4>\n<div class=\"FW_sArticleFoto\">\n<div class=\"FW_sEditPro\">\n<p><strong>Per al 2n cicle d&#8217;educaci\u00f3 infantil, l&#8217;educaci\u00f3 prim\u00e0ria, l&#8217;ESO i batxillerat<\/strong>, s&#8217;apliquen els seg\u00fcents:<\/p>\n<ol>\n<li>Criteris generals\n<ul>\n<li>Si hi ha germans matriculats al centre o el pare, mare, tutor legal hi treballa: <strong>40 punts<\/strong>.<\/li>\n<li>Per proximitat del domicili o del lloc de treball al centre sol\u00b7licitat en primer lloc (nom\u00e9s una opci\u00f3):\n<ul>\n<li>Domicili a l&#8217;\u00e0rea de proximitat del centre: <strong>30 punts<\/strong>.<\/li>\n<li>Lloc de treball a l&#8217;\u00e0rea de proximitat del centre: <strong>20 punts<\/strong>.<\/li>\n<li>Domicili al mateix municipi del centre: <strong>10 punts<\/strong>.<\/li>\n<li>A la ciutat de Barcelona, domicili al mateix districte del centre: <strong>15 punts<\/strong>.<\/li>\n<\/ul>\n<\/li>\n<li>Si el pare, mare o tutor legal reben l&#8217;ajut de la renda m\u00ednima d&#8217;inserci\u00f3: <strong>10 punts<\/strong>.<\/li>\n<li>Per discapacitat igual o superior al 33% de l&#8217;alumne o d&#8217;un familiar de primer grau: <strong>10 punts<\/strong>.<\/li>\n<li>En el batxillerat tamb\u00e9 es t\u00e9 en compte la nota mitjana.<\/li>\n<\/ul>\n<\/li>\n<li>Criteris complementaris\n<ul>\n<li>Pel fet de formar part d&#8217;una fam\u00edlia nombrosa o monoparental: <strong>15 punts<\/strong>.<\/li>\n<li>Si l&#8217;alumne t\u00e9 una malaltia cr\u00f2nica que afecti el sistema digestiu, endocr\u00ed o metab\u00f2lic (s&#8217;hi inclouen les persones cel\u00edaques): <strong>10 punts<\/strong>.<\/li>\n<li>Si el pare, mare, tutor legal o germ\u00e0 de l&#8217;alumne ha estat escolaritzat en ensenyaments declarats actualment gratu\u00efts i universals (segon cicle d&#8217;educaci\u00f3 infantil, educaci\u00f3 prim\u00e0ria, educaci\u00f3 secund\u00e0ria obligat\u00f2ria, PQPI i formaci\u00f3 professional de grau mitj\u00e0) al centre sol\u00b7licitat en primer lloc: <strong>5 punts<\/strong>.<\/li>\n<\/ul>\n<\/li>\n<li>Criteris espec\u00edfics de prioritat<br \/>\nTenen prefer\u00e8ncia els alumnes que procedeixen de centres i ensenyaments adscrits.<br \/>\nEn l&#8217;ESO i el batxillerat, en els centres que es determini per resoluci\u00f3, tenen prefer\u00e8ncia els alumnes que cursin simult\u00e0niament ensenyaments de r\u00e8gim general i ensenyaments professionals de m\u00fasica o dansa, o segueixin programes esportius d&#8217;alt rendiment.<\/li>\n<\/ol>\n<p><strong><br \/>\nPer a la resta d&#8217;ensenyaments postobligatoris<\/strong><\/p>\n<p>Per a l&#8217;ordenaci\u00f3 de les sol\u00b7licituds s&#8217;apliquen els criteris espec\u00edfics establerts a la normativa vigent i que es poden consultar al <a title=\"Aquest enlla\u00e7 s'obrir\u00e0 en una finestra nova\" href=\"http:\/\/www20.gencat.cat\/portal\/site\/portaljuridic\/menuitem.d15a4e5dfb99396dc366ec10b0c0e1a0\/?action=fitxa&amp;documentId=438351\"><strong>Decret 75\/2007, de 27 de mar\u00e7<\/strong>\u00a0<\/a>, pel qual s&#8217;estableix el procediment d&#8217;admissi\u00f3 de l&#8217;alumnat als centres en els ensenyaments sufragats amb fons p\u00fablics, i a la resoluci\u00f3 de preinscripci\u00f3 corresponent.<\/p>\n<p style=\"text-align: right;\">Font: P\u00e0gina web Generalitat de Catalunya<\/p>\n<p style=\"text-align: left;\">M\u00e9s informaci\u00f3:\u00a0<a href=\"http:\/\/queestudiar.gencat.cat\/ca\/preinscripcio\/informacio_general\/index.html\" target=\"_blank\">Preinscripcions 2016-17<\/a><\/p>\n<p style=\"text-align: right;\">\n<\/div>\n<\/div>\n<\/div>\n","protected":false},"excerpt":{"rendered":"<p>La preinscripci\u00f3 \u00e9s el tr\u00e0mit que cal fer per ser adm\u00e8s per primera vegada en un centre sostingut amb fons p\u00fablics, i tamb\u00e9 quan es vol canviar de centre.<br \/>\nPer fer la preinscripci\u00f3 cal:<\/p>\n<ul>\n<li>con\u00e8ixer el calendari de tot el proc\u00e9s,<\/li>\n<li>consultar els\u00a0centres i l&#8217;oferta de places escolars,<\/li>\n<li>con\u00e8ixer&hellip;  <a href=\"https:\/\/agora.xtec.cat\/ceip-molidevent\/15-16\/properament-preinscripcions-2016-2017\/\" title=\"Read Properament: preinscripcions 2016-2017\">Llegeix m\u00e9s\u00bb<\/a><br \/>\n","protected":false},"author":1,"featured_media":0,"comment_status":"open","ping_status":"open","sticky":false,"template":"","format":"standard","meta":{"_bbp_topic_count":0,"_bbp_reply_count":0,"_bbp_total_topic_count":0,"_bbp_total_reply_count":0,"_bbp_voice_count":0,"_bbp_anonymous_reply_count":0,"_bbp_topic_count_hidden":0,"_bbp_reply_count_hidden":0,"_bbp_forum_subforum_count":0,"footnotes":""},"categories":[66],"tags":[],"class_list":["post-1219","post","type-post","status-publish","format-standard","hentry","category-15-16"],"post_mailing_queue_ids":[],"_links":{"self":[{"href":"https:\/\/agora.xtec.cat\/ceip-molidevent\/wp-json\/wp\/v2\/posts\/1219","targetHints":{"allow":["GET"]}}],"collection":[{"href":"https:\/\/agora.xtec.cat\/ceip-molidevent\/wp-json\/wp\/v2\/posts"}],"about":[{"href":"https:\/\/agora.xtec.cat\/ceip-molidevent\/wp-json\/wp\/v2\/types\/post"}],"author":[{"embeddable":true,"href":"https:\/\/agora.xtec.cat\/ceip-molidevent\/wp-json\/wp\/v2\/users\/1"}],"replies":[{"embeddable":true,"href":"https:\/\/agora.xtec.cat\/ceip-molidevent\/wp-json\/wp\/v2\/comments?post=1219"}],"version-history":[{"count":1,"href":"https:\/\/agora.xtec.cat\/ceip-molidevent\/wp-json\/wp\/v2\/posts\/1219\/revisions"}],"predecessor-version":[{"id":1220,"href":"https:\/\/agora.xtec.cat\/ceip-molidevent\/wp-json\/wp\/v2\/posts\/1219\/revisions\/1220"}],"wp:attachment":[{"href":"https:\/\/agora.xtec.cat\/ceip-molidevent\/wp-json\/wp\/v2\/media?parent=1219"}],"wp:term":[{"taxonomy":"category","embeddable":true,"href":"https:\/\/agora.xtec.cat\/ceip-molidevent\/wp-json\/wp\/v2\/categories?post=1219"},{"taxonomy":"post_tag","embeddable":true,"href":"https:\/\/agora.xtec.cat\/ceip-molidevent\/wp-json\/wp\/v2\/tags?post=1219"}],"curies":[{"name":"wp","href":"https:\/\/api.w.org\/{rel}","templated":true}]}}