{"id":1216,"date":"2016-02-11T09:31:33","date_gmt":"2016-02-11T08:31:33","guid":{"rendered":"http:\/\/agora.xtec.cat\/ceip-molidevent\/?p=1216"},"modified":"2016-09-01T11:00:50","modified_gmt":"2016-09-01T10:00:50","slug":"6e-visita-a-la-casa-museu-pau-casals","status":"publish","type":"post","link":"https:\/\/agora.xtec.cat\/ceip-molidevent\/general\/6e-visita-a-la-casa-museu-pau-casals\/","title":{"rendered":"6\u00e8: visita a la casa-museu Pau Casals"},"content":{"rendered":"<p>Els alumnes de 6\u00e8 hem visitat la casa-museu Pau Casals al Vendrell. Hem conegut i valorat la figura d&#8217;aquest gran m\u00fasic catal\u00e0. Tamb\u00e9 hem experimentat amb el violoncel quan hem participat en el taller musical.<br \/>\nTot plegat ha estat una experi\u00e8ncia molt emocionant. Estem molt contents d&#8217;haver fet una gran descoberta!<\/p>\n<p><iframe loading=\"lazy\" src=\"https:\/\/www.youtube.com\/embed\/1numGsCaIWE\" width=\"374\" height=\"374\" frameborder=\"0\" allowfullscreen=\"allowfullscreen\"><\/iframe><\/p>\n","protected":false},"excerpt":{"rendered":"<p>Els alumnes de 6\u00e8 hem visitat la casa-museu Pau Casals al Vendrell. Hem conegut i valorat la figura d&#8217;aquest gran m\u00fasic catal\u00e0. Tamb\u00e9 hem experimentat amb el violoncel quan hem participat en el taller musical.<br \/>\nTot plegat ha estat una experi\u00e8ncia molt emocionant. Estem molt contents&hellip;  <a href=\"https:\/\/agora.xtec.cat\/ceip-molidevent\/general\/6e-visita-a-la-casa-museu-pau-casals\/\" title=\"Read 6\u00e8: visita a la casa-museu Pau Casals\">Llegeix m\u00e9s\u00bb<\/a><\/p>\n","protected":false},"author":1,"featured_media":0,"comment_status":"open","ping_status":"open","sticky":false,"template":"","format":"standard","meta":{"_bbp_topic_count":0,"_bbp_reply_count":0,"_bbp_total_topic_count":0,"_bbp_total_reply_count":0,"_bbp_voice_count":0,"_bbp_anonymous_reply_count":0,"_bbp_topic_count_hidden":0,"_bbp_reply_count_hidden":0,"_bbp_forum_subforum_count":0,"footnotes":""},"categories":[66,15,1,5,26],"tags":[76,33,16],"class_list":["post-1216","post","type-post","status-publish","format-standard","hentry","category-15-16","category-6e","category-general","category-primaria","category-cicle-superior","tag-cicle-superior","tag-sise","tag-sortides"],"post_mailing_queue_ids":[],"_links":{"self":[{"href":"https:\/\/agora.xtec.cat\/ceip-molidevent\/wp-json\/wp\/v2\/posts\/1216","targetHints":{"allow":["GET"]}}],"collection":[{"href":"https:\/\/agora.xtec.cat\/ceip-molidevent\/wp-json\/wp\/v2\/posts"}],"about":[{"href":"https:\/\/agora.xtec.cat\/ceip-molidevent\/wp-json\/wp\/v2\/types\/post"}],"author":[{"embeddable":true,"href":"https:\/\/agora.xtec.cat\/ceip-molidevent\/wp-json\/wp\/v2\/users\/1"}],"replies":[{"embeddable":true,"href":"https:\/\/agora.xtec.cat\/ceip-molidevent\/wp-json\/wp\/v2\/comments?post=1216"}],"version-history":[{"count":2,"href":"https:\/\/agora.xtec.cat\/ceip-molidevent\/wp-json\/wp\/v2\/posts\/1216\/revisions"}],"predecessor-version":[{"id":1224,"href":"https:\/\/agora.xtec.cat\/ceip-molidevent\/wp-json\/wp\/v2\/posts\/1216\/revisions\/1224"}],"wp:attachment":[{"href":"https:\/\/agora.xtec.cat\/ceip-molidevent\/wp-json\/wp\/v2\/media?parent=1216"}],"wp:term":[{"taxonomy":"category","embeddable":true,"href":"https:\/\/agora.xtec.cat\/ceip-molidevent\/wp-json\/wp\/v2\/categories?post=1216"},{"taxonomy":"post_tag","embeddable":true,"href":"https:\/\/agora.xtec.cat\/ceip-molidevent\/wp-json\/wp\/v2\/tags?post=1216"}],"curies":[{"name":"wp","href":"https:\/\/api.w.org\/{rel}","templated":true}]}}