{"id":1163,"date":"2016-01-21T15:43:13","date_gmt":"2016-01-21T14:43:13","guid":{"rendered":"http:\/\/agora.xtec.cat\/ceip-molidevent\/?p=1163"},"modified":"2016-09-01T11:01:09","modified_gmt":"2016-09-01T10:01:09","slug":"sapropa-el-carnaval","status":"publish","type":"post","link":"https:\/\/agora.xtec.cat\/ceip-molidevent\/general\/sapropa-el-carnaval\/","title":{"rendered":"S&#8217;apropa el Carnaval"},"content":{"rendered":"<p>Aviat arribar\u00e0 el Carnestoltes a l&#8217;escola, ens far\u00e0 el seu discurs i ens dir\u00e0 quines ordres i quines activitats realitzarem durant el Carnaval. Per\u00f2 mentre el Carnestoltes arriba us deixem aquesta adre\u00e7a amb jocs, v\u00eddeos, hist\u00f2ries&#8230; sobre el Carnaval, per anar fent gana.<\/p>\n<p><a href=\"http:\/\/www.edu365.cat\/carnaval\/\" target=\"_blank\">\u00a0http:\/\/www.edu365.cat\/carnaval\/<\/a><\/p>\n<p><a href=\"http:\/\/agora.xtec.cat\/ceip-molidevent\/wp-content\/uploads\/usu1187\/2016\/01\/carnaval.png\"><img loading=\"lazy\" decoding=\"async\" class=\"aligncenter size-full wp-image-1164\" src=\"http:\/\/agora.xtec.cat\/ceip-molidevent\/wp-content\/uploads\/usu1187\/2016\/01\/carnaval.png\" alt=\"carnaval\" width=\"942\" height=\"74\" srcset=\"https:\/\/agora.xtec.cat\/ceip-molidevent\/wp-content\/uploads\/usu1187\/2016\/01\/carnaval.png 942w, https:\/\/agora.xtec.cat\/ceip-molidevent\/wp-content\/uploads\/usu1187\/2016\/01\/carnaval-300x24.png 300w\" sizes=\"auto, (max-width: 942px) 100vw, 942px\" \/><\/a><\/p>\n","protected":false},"excerpt":{"rendered":"<p>Aviat arribar\u00e0 el Carnestoltes a l&#8217;escola, ens far\u00e0 el seu discurs i ens dir\u00e0 quines ordres i quines activitats realitzarem durant el Carnaval. Per\u00f2 mentre el Carnestoltes arriba us deixem aquesta adre\u00e7a amb jocs, v\u00eddeos, hist\u00f2ries&#8230; sobre el Carnaval, per anar fent gana.<br \/>\n<a href=\"http:\/\/www.edu365.cat\/carnaval\/\" target=\"_blank\">\u00a0http:\/\/www.edu365.cat\/carnaval\/<\/a><br \/>\n<a&hellip;  <a href=\"https:\/\/agora.xtec.cat\/ceip-molidevent\/general\/sapropa-el-carnaval\/\" title=\"Read S&#8217;apropa el Carnaval\">Llegeix m\u00e9s\u00bb<\/a><\/p>\n","protected":false},"author":1,"featured_media":0,"comment_status":"open","ping_status":"open","sticky":false,"template":"","format":"standard","meta":{"_bbp_topic_count":0,"_bbp_reply_count":0,"_bbp_total_topic_count":0,"_bbp_total_reply_count":0,"_bbp_voice_count":0,"_bbp_anonymous_reply_count":0,"_bbp_topic_count_hidden":0,"_bbp_reply_count_hidden":0,"_bbp_forum_subforum_count":0,"footnotes":""},"categories":[66,1],"tags":[63,35],"class_list":["post-1163","post","type-post","status-publish","format-standard","hentry","category-15-16","category-general","tag-carnaval","tag-festes"],"post_mailing_queue_ids":[],"_links":{"self":[{"href":"https:\/\/agora.xtec.cat\/ceip-molidevent\/wp-json\/wp\/v2\/posts\/1163","targetHints":{"allow":["GET"]}}],"collection":[{"href":"https:\/\/agora.xtec.cat\/ceip-molidevent\/wp-json\/wp\/v2\/posts"}],"about":[{"href":"https:\/\/agora.xtec.cat\/ceip-molidevent\/wp-json\/wp\/v2\/types\/post"}],"author":[{"embeddable":true,"href":"https:\/\/agora.xtec.cat\/ceip-molidevent\/wp-json\/wp\/v2\/users\/1"}],"replies":[{"embeddable":true,"href":"https:\/\/agora.xtec.cat\/ceip-molidevent\/wp-json\/wp\/v2\/comments?post=1163"}],"version-history":[{"count":1,"href":"https:\/\/agora.xtec.cat\/ceip-molidevent\/wp-json\/wp\/v2\/posts\/1163\/revisions"}],"predecessor-version":[{"id":1165,"href":"https:\/\/agora.xtec.cat\/ceip-molidevent\/wp-json\/wp\/v2\/posts\/1163\/revisions\/1165"}],"wp:attachment":[{"href":"https:\/\/agora.xtec.cat\/ceip-molidevent\/wp-json\/wp\/v2\/media?parent=1163"}],"wp:term":[{"taxonomy":"category","embeddable":true,"href":"https:\/\/agora.xtec.cat\/ceip-molidevent\/wp-json\/wp\/v2\/categories?post=1163"},{"taxonomy":"post_tag","embeddable":true,"href":"https:\/\/agora.xtec.cat\/ceip-molidevent\/wp-json\/wp\/v2\/tags?post=1163"}],"curies":[{"name":"wp","href":"https:\/\/api.w.org\/{rel}","templated":true}]}}