{"id":1159,"date":"2016-01-21T12:48:22","date_gmt":"2016-01-21T11:48:22","guid":{"rendered":"http:\/\/agora.xtec.cat\/ceip-molidevent\/?p=1159"},"modified":"2016-09-01T11:01:17","modified_gmt":"2016-09-01T10:01:17","slug":"vine-al-museu-i-quedat-de-pedra","status":"publish","type":"post","link":"https:\/\/agora.xtec.cat\/ceip-molidevent\/general\/vine-al-museu-i-quedat-de-pedra\/","title":{"rendered":"\u201cVine al museu i\u2026 queda\u2019t de pedra\u201d"},"content":{"rendered":"<p>Si aquest diumenge\u00a024 de gener\u00a0no teniu cap pla, us proposem una activitat per fer amb fam\u00edlia.<\/p>\n<p>A 4t estem treballant el projecte dels romans i una companya ha portat una not\u00edcia:<\/p>\n<p>El Museu Nacional Arqueol\u00f2gic de Tarragona repr\u00e8n el programa \u201c<strong>Vine al Museu en fam\u00edlia! Pots fer una gran descoberta\u201d 2015-2016<\/strong>, pensat per a fam\u00edlies que vulguin passar una estona interessant i divertida al voltant del nostre passat rom\u00e0.<\/p>\n<p>En aquesta ocasi\u00f3 ens proposen l\u2019activitat:\u00a0<strong><u>\u201cVine al museu i\u2026 queda\u2019t de pedra!\u201d,<\/u>\u00a0<\/strong>una manera l\u00fadica i participativa d\u2019aproximar-se a la cultura romana a trav\u00e9s d\u2019un tret molt caracter\u00edstic d\u2019aquesta: el retrat i la utilitzaci\u00f3 del poder de la imatge i la publicitat en \u00e9poca romana.<\/p>\n<p>Una nova ocasi\u00f3 per a convertir-vos en romans!<\/p>\n<ul>\n<li><strong>Dia:<\/strong>diumenge 24 de gener<\/li>\n<li><strong>Hora:\u00a0<\/strong>11 h<\/li>\n<li><strong>Durada<\/strong>: 2 hores<\/li>\n<li><strong>Preu<\/strong>: 5 \u20ac per persona<\/li>\n<li><strong>Lloc:<\/strong>Museu Arqueol\u00f2gic (Pl. del Rei, 5, Tarragona)<\/li>\n<li><strong>Necess\u00e0ria reserva pr\u00e8via:\u00a0<\/strong><a href=\"tel:977%20251515\">977 251515<\/a>\u00a0\u2013\u00a0<a href=\"tel:977%20236209\">977 236209<\/a>.<\/li>\n<li><strong>Material necessari:<\/strong>Per tenir la vostra representaci\u00f3 personal cal que aporteu una fotografia de mida carnet o una fotoc\u00f2pia.<\/li>\n<\/ul>\n<p>El programa \u201c<strong>Vine al Museu en fam\u00edlia! Pots fer una gran descoberta\u201d<\/strong>\u00a0continuar\u00e0 oferint m\u00e9s activitats:<\/p>\n<ul>\n<li>Fem parlar les pedres! \u2013\u00a0<strong>diumenge 14 de febrer<\/strong><\/li>\n<li>Al taller de Terenci C\u00e0ndid\u2026 \u2013\u00a0<strong>diumenge 6 de mar\u00e7<\/strong><\/li>\n<li>Passa un mat\u00ed de teatre! \u2013\u00a0<strong>diumenge 27 de mar\u00e7<\/strong><\/li>\n<\/ul>\n<p>Si voleu informaci\u00f3 m\u00e9s detallada podeu visitar la p\u00e0gina.\u00a0<a href=\"http:\/\/www.mnat.cat\/?page=activitats-detall-cicles-actuals&amp;id=programa-vine-al-museu&amp;idAct=92\">MNATEC<\/a><\/p>\n<p><img loading=\"lazy\" decoding=\"async\" class=\" aligncenter\" src=\"https:\/\/encrypted-tbn1.gstatic.com\/images?q=tbn:ANd9GcT2DBerVsR-nfxsA8nfSsU42HqcO7l9c2-psH5roGvQeBZXWjCCFA\" alt=\"\" width=\"347\" height=\"131\" \/><\/p>\n<p>&nbsp;<\/p>\n","protected":false},"excerpt":{"rendered":"<p>Si aquest diumenge\u00a024 de gener\u00a0no teniu cap pla, us proposem una activitat per fer amb fam\u00edlia.<br \/>\nA 4t estem treballant el projecte dels romans i una companya ha portat una not\u00edcia:<br \/>\nEl Museu Nacional Arqueol\u00f2gic de Tarragona repr\u00e8n el programa \u201cVine al Museu en fam\u00edlia! Pots fer&hellip;  <a href=\"https:\/\/agora.xtec.cat\/ceip-molidevent\/general\/vine-al-museu-i-quedat-de-pedra\/\" title=\"Read \u201cVine al museu i\u2026 queda\u2019t de pedra\u201d\">Llegeix m\u00e9s\u00bb<\/a><\/p>\n","protected":false},"author":1,"featured_media":0,"comment_status":"open","ping_status":"open","sticky":false,"template":"","format":"standard","meta":{"_bbp_topic_count":0,"_bbp_reply_count":0,"_bbp_total_topic_count":0,"_bbp_total_reply_count":0,"_bbp_voice_count":0,"_bbp_anonymous_reply_count":0,"_bbp_topic_count_hidden":0,"_bbp_reply_count_hidden":0,"_bbp_forum_subforum_count":0,"footnotes":""},"categories":[66,12,13,1,47,78],"tags":[],"class_list":["post-1159","post","type-post","status-publish","format-standard","hentry","category-15-16","category-3r","category-4t","category-general","category-medi","category-cicle-mitja"],"post_mailing_queue_ids":[],"_links":{"self":[{"href":"https:\/\/agora.xtec.cat\/ceip-molidevent\/wp-json\/wp\/v2\/posts\/1159","targetHints":{"allow":["GET"]}}],"collection":[{"href":"https:\/\/agora.xtec.cat\/ceip-molidevent\/wp-json\/wp\/v2\/posts"}],"about":[{"href":"https:\/\/agora.xtec.cat\/ceip-molidevent\/wp-json\/wp\/v2\/types\/post"}],"author":[{"embeddable":true,"href":"https:\/\/agora.xtec.cat\/ceip-molidevent\/wp-json\/wp\/v2\/users\/1"}],"replies":[{"embeddable":true,"href":"https:\/\/agora.xtec.cat\/ceip-molidevent\/wp-json\/wp\/v2\/comments?post=1159"}],"version-history":[{"count":3,"href":"https:\/\/agora.xtec.cat\/ceip-molidevent\/wp-json\/wp\/v2\/posts\/1159\/revisions"}],"predecessor-version":[{"id":1162,"href":"https:\/\/agora.xtec.cat\/ceip-molidevent\/wp-json\/wp\/v2\/posts\/1159\/revisions\/1162"}],"wp:attachment":[{"href":"https:\/\/agora.xtec.cat\/ceip-molidevent\/wp-json\/wp\/v2\/media?parent=1159"}],"wp:term":[{"taxonomy":"category","embeddable":true,"href":"https:\/\/agora.xtec.cat\/ceip-molidevent\/wp-json\/wp\/v2\/categories?post=1159"},{"taxonomy":"post_tag","embeddable":true,"href":"https:\/\/agora.xtec.cat\/ceip-molidevent\/wp-json\/wp\/v2\/tags?post=1159"}],"curies":[{"name":"wp","href":"https:\/\/api.w.org\/{rel}","templated":true}]}}