{"id":1072,"date":"2015-12-09T19:48:19","date_gmt":"2015-12-09T18:48:19","guid":{"rendered":"http:\/\/agora.xtec.cat\/ceip-molidevent\/?p=1072"},"modified":"2016-09-01T10:55:58","modified_gmt":"2016-09-01T09:55:58","slug":"nadal-2015","status":"publish","type":"post","link":"https:\/\/agora.xtec.cat\/ceip-molidevent\/general\/nadal-2015\/","title":{"rendered":"Nadal 2015"},"content":{"rendered":"<table style=\"height: 441px;\" width=\"720\">\n<tbody>\n<tr>\n<td width=\"168\"><strong>DILLUNS 14<\/strong><\/td>\n<td width=\"169\"><strong>DIMARTS 15 \u00a0 \u00a0 \u00a0 \u00a0 \u00a0 \u00a0 \u00a0<\/strong><\/td>\n<td width=\"169\"><strong>DIMECRES 16<\/strong><\/td>\n<td width=\"169\"><strong>DIJOUS 17<\/strong><\/td>\n<td width=\"168\"><strong>DIVENDRES 18<\/strong><\/td>\n<\/tr>\n<tr>\n<td width=\"168\">Visita dels alumnes de 4t a la Fundaci\u00f3 Pere Badia<\/td>\n<td width=\"169\">\u00a0Assaig nadales inicial i superior<\/td>\n<td width=\"169\">Assaig nadales infantil i mitj\u00e0<\/td>\n<td width=\"169\"><strong>9h. CONCERT PELS PARES D&#8217;INFANTIL \u00a0 <\/strong><\/p>\n<p><strong>15.15 CONCERT PELS PARES DE CICLE SUPERIOR \u00a0<\/strong><\/td>\n<td width=\"168\"><strong>9h. CONCERT PELS PARES DE CICLE INICIAL<\/strong><\/p>\n<p><strong>15.15 CONCERT PELS PARES DE CICLE MITJ\u00c0<\/strong><\/td>\n<\/tr>\n<tr>\n<td width=\"168\"><strong>DILLUNS 21<\/strong><\/td>\n<td width=\"169\"><strong>DIMARTS 22<\/strong><\/td>\n<td width=\"169\"><\/td>\n<td width=\"169\"><\/td>\n<td width=\"168\"><\/td>\n<\/tr>\n<tr>\n<td width=\"168\">Cagar\u00e0 el Ti\u00f3 als alumnes d&#8217;infantil, inicial i mitj\u00e0.<\/p>\n<p>Els alumnes de superior portaran els aliments i productes d&#8217;higiene personal recollits per a C\u00e0rites.<\/td>\n<td width=\"169\">Visita dels Patges Reials.&nbsp;<\/p>\n<p>Jornada intensiva (no hi ha classe a la tarda)<\/td>\n<td colspan=\"3\" width=\"509\">\n<h1><strong>\u00a0 \u00a0 \u00a0 \u00a0BON NADAL!!<\/strong><\/h1>\n<\/td>\n<\/tr>\n<\/tbody>\n<\/table>\n","protected":false},"excerpt":{"rendered":"<p>DILLUNS 14<br \/>\nDIMARTS 15 \u00a0 \u00a0 \u00a0 \u00a0 \u00a0 \u00a0 \u00a0<br \/>\nDIMECRES 16<br \/>\nDIJOUS 17<br \/>\nDIVENDRES 18<\/p>\n<p>Visita dels alumnes de 4t a la Fundaci\u00f3 Pere Badia<br \/>\n\u00a0Assaig nadales inicial i superior<br \/>\nAssaig nadales infantil i mitj\u00e0<br \/>\n9h. CONCERT PELS PARES D&#8217;INFANTIL \u00a0<br \/>\n15.15 CONCERT PELS PARES DE CICLE SUPERIOR \u00a0<br \/>\n9h. CONCERT PELS&hellip;  <a href=\"https:\/\/agora.xtec.cat\/ceip-molidevent\/general\/nadal-2015\/\" title=\"Read Nadal 2015\">Llegeix m\u00e9s\u00bb<\/a><\/p>\n","protected":false},"author":1,"featured_media":0,"comment_status":"open","ping_status":"open","sticky":false,"template":"","format":"standard","meta":{"_bbp_topic_count":0,"_bbp_reply_count":0,"_bbp_total_topic_count":0,"_bbp_total_reply_count":0,"_bbp_voice_count":0,"_bbp_anonymous_reply_count":0,"_bbp_topic_count_hidden":0,"_bbp_reply_count_hidden":0,"_bbp_forum_subforum_count":0,"footnotes":""},"categories":[66,1],"tags":[],"class_list":["post-1072","post","type-post","status-publish","format-standard","hentry","category-15-16","category-general"],"post_mailing_queue_ids":[],"_links":{"self":[{"href":"https:\/\/agora.xtec.cat\/ceip-molidevent\/wp-json\/wp\/v2\/posts\/1072","targetHints":{"allow":["GET"]}}],"collection":[{"href":"https:\/\/agora.xtec.cat\/ceip-molidevent\/wp-json\/wp\/v2\/posts"}],"about":[{"href":"https:\/\/agora.xtec.cat\/ceip-molidevent\/wp-json\/wp\/v2\/types\/post"}],"author":[{"embeddable":true,"href":"https:\/\/agora.xtec.cat\/ceip-molidevent\/wp-json\/wp\/v2\/users\/1"}],"replies":[{"embeddable":true,"href":"https:\/\/agora.xtec.cat\/ceip-molidevent\/wp-json\/wp\/v2\/comments?post=1072"}],"version-history":[{"count":4,"href":"https:\/\/agora.xtec.cat\/ceip-molidevent\/wp-json\/wp\/v2\/posts\/1072\/revisions"}],"predecessor-version":[{"id":1095,"href":"https:\/\/agora.xtec.cat\/ceip-molidevent\/wp-json\/wp\/v2\/posts\/1072\/revisions\/1095"}],"wp:attachment":[{"href":"https:\/\/agora.xtec.cat\/ceip-molidevent\/wp-json\/wp\/v2\/media?parent=1072"}],"wp:term":[{"taxonomy":"category","embeddable":true,"href":"https:\/\/agora.xtec.cat\/ceip-molidevent\/wp-json\/wp\/v2\/categories?post=1072"},{"taxonomy":"post_tag","embeddable":true,"href":"https:\/\/agora.xtec.cat\/ceip-molidevent\/wp-json\/wp\/v2\/tags?post=1072"}],"curies":[{"name":"wp","href":"https:\/\/api.w.org\/{rel}","templated":true}]}}