{"id":1057,"date":"2015-11-27T12:17:39","date_gmt":"2015-11-27T11:17:39","guid":{"rendered":"http:\/\/agora.xtec.cat\/ceip-molidevent\/?p=1057"},"modified":"2016-05-26T15:19:27","modified_gmt":"2016-05-26T14:19:27","slug":"final-de-les-jornades-datletisme","status":"publish","type":"post","link":"https:\/\/agora.xtec.cat\/ceip-molidevent\/primaria\/final-de-les-jornades-datletisme\/","title":{"rendered":"Final de les jornades d&#8217;atletisme"},"content":{"rendered":"<p>El\u00a0passat diumenge 25 de\u2019octubre van\u00a0tenir lloc les Jornades anuals que organitza el club d\u2019atletisme de Torredembarra. Van estar tot un \u00e8xit i van participar alumnes de totes les escoles de Torredembarra i les escoles de La Riera de Gai\u00e0, La Pobla de Montorn\u00e8s i l\u2019escola Roiquissar d\u2019Altafulla.<br \/>\nVan participar 259 alumnes i l\u2019ambient esportiu i festiu va estar impressionant. La nostra escola va aconsguir 132 medalles, 13 copes d\u2019or, 19 d\u2019argent i 17 de bronze. Ha esta un r\u00e8cord de participaci\u00f3 dels alumnes de la nostra escola, i vam fer una foto commemorativa amb les medalles i les copes aconseguides!<br \/>\nEnhorabona pels bons resultats i per gaudir d\u2019un dia molt bonic pl\u00e9 d\u2019esport i bon ambient.<\/p>\n<p><a href=\"http:\/\/agora.xtec.cat\/ceip-molidevent\/wp-content\/uploads\/usu1187\/2015\/11\/medallesUDT.jpg\"><img loading=\"lazy\" decoding=\"async\" class=\"aligncenter  wp-image-1058\" src=\"http:\/\/agora.xtec.cat\/ceip-molidevent\/wp-content\/uploads\/usu1187\/2015\/11\/medallesUDT-1024x768.jpg\" alt=\"medallesUDT\" width=\"702\" height=\"526\" srcset=\"https:\/\/agora.xtec.cat\/ceip-molidevent\/wp-content\/uploads\/usu1187\/2015\/11\/medallesUDT-1024x768.jpg 1024w, https:\/\/agora.xtec.cat\/ceip-molidevent\/wp-content\/uploads\/usu1187\/2015\/11\/medallesUDT-300x225.jpg 300w, https:\/\/agora.xtec.cat\/ceip-molidevent\/wp-content\/uploads\/usu1187\/2015\/11\/medallesUDT-200x150.jpg 200w, https:\/\/agora.xtec.cat\/ceip-molidevent\/wp-content\/uploads\/usu1187\/2015\/11\/medallesUDT.jpg 1299w\" sizes=\"auto, (max-width: 702px) 100vw, 702px\" \/><\/a><\/p>\n<p>&nbsp;<\/p>\n<p>&nbsp;<\/p>\n","protected":false},"excerpt":{"rendered":"<p>El\u00a0passat diumenge 25 de\u2019octubre van\u00a0tenir lloc les Jornades anuals que organitza el club d\u2019atletisme de Torredembarra. Van estar tot un \u00e8xit i van participar alumnes de totes les escoles de Torredembarra i les escoles de La Riera de Gai\u00e0, La Pobla de Montorn\u00e8s i l\u2019escola&hellip;  <a href=\"https:\/\/agora.xtec.cat\/ceip-molidevent\/primaria\/final-de-les-jornades-datletisme\/\" title=\"Read Final de les jornades d&#8217;atletisme\">Llegeix m\u00e9s\u00bb<\/a><\/p>\n","protected":false},"author":1,"featured_media":0,"comment_status":"open","ping_status":"open","sticky":false,"template":"","format":"standard","meta":{"_bbp_topic_count":0,"_bbp_reply_count":0,"_bbp_total_topic_count":0,"_bbp_total_reply_count":0,"_bbp_voice_count":0,"_bbp_anonymous_reply_count":0,"_bbp_topic_count_hidden":0,"_bbp_reply_count_hidden":0,"_bbp_forum_subforum_count":0,"footnotes":""},"categories":[66,46,5,78,26],"tags":[],"class_list":["post-1057","post","type-post","status-publish","format-standard","hentry","category-15-16","category-educacio-fisica","category-primaria","category-cicle-mitja","category-cicle-superior"],"post_mailing_queue_ids":[],"_links":{"self":[{"href":"https:\/\/agora.xtec.cat\/ceip-molidevent\/wp-json\/wp\/v2\/posts\/1057","targetHints":{"allow":["GET"]}}],"collection":[{"href":"https:\/\/agora.xtec.cat\/ceip-molidevent\/wp-json\/wp\/v2\/posts"}],"about":[{"href":"https:\/\/agora.xtec.cat\/ceip-molidevent\/wp-json\/wp\/v2\/types\/post"}],"author":[{"embeddable":true,"href":"https:\/\/agora.xtec.cat\/ceip-molidevent\/wp-json\/wp\/v2\/users\/1"}],"replies":[{"embeddable":true,"href":"https:\/\/agora.xtec.cat\/ceip-molidevent\/wp-json\/wp\/v2\/comments?post=1057"}],"version-history":[{"count":1,"href":"https:\/\/agora.xtec.cat\/ceip-molidevent\/wp-json\/wp\/v2\/posts\/1057\/revisions"}],"predecessor-version":[{"id":1059,"href":"https:\/\/agora.xtec.cat\/ceip-molidevent\/wp-json\/wp\/v2\/posts\/1057\/revisions\/1059"}],"wp:attachment":[{"href":"https:\/\/agora.xtec.cat\/ceip-molidevent\/wp-json\/wp\/v2\/media?parent=1057"}],"wp:term":[{"taxonomy":"category","embeddable":true,"href":"https:\/\/agora.xtec.cat\/ceip-molidevent\/wp-json\/wp\/v2\/categories?post=1057"},{"taxonomy":"post_tag","embeddable":true,"href":"https:\/\/agora.xtec.cat\/ceip-molidevent\/wp-json\/wp\/v2\/tags?post=1057"}],"curies":[{"name":"wp","href":"https:\/\/api.w.org\/{rel}","templated":true}]}}