{"id":1048,"date":"2015-11-25T10:19:29","date_gmt":"2015-11-25T09:19:29","guid":{"rendered":"http:\/\/agora.xtec.cat\/ceip-molidevent\/?p=1048"},"modified":"2016-09-01T10:58:44","modified_gmt":"2016-09-01T09:58:44","slug":"la-sortida-a-flix-pels-alumnes-de-5e","status":"publish","type":"post","link":"https:\/\/agora.xtec.cat\/ceip-molidevent\/general\/la-sortida-a-flix-pels-alumnes-de-5e\/","title":{"rendered":"La sortida a Flix pels alumnes de 5\u00e8"},"content":{"rendered":"<p>El passat 20 de novembre els alumnes de 5\u00e8 vam anar a la Reserva Natural de Sebes ( Flix).<br \/>\nVam anar amb autob\u00fas i al arribar ens vam repartir en tres grups per fer la visita guiada i treballar els tres ecosistemes que anir\u00edem trobant: el terrestre, aqu\u00e0tic i mixte.<br \/>\nVam caminar 1 km. d\u2019anar i 1 km. de tornar.<br \/>\nVam poder veure molts animals com: el martinet blanc, el blauet, l\u2019\u00e0liga, el bernat pescaire, cavalls,&#8230;<br \/>\nTamb\u00e9 vam poder veure nius de cigonya, arbres curiosos i llenties d\u2019aigua.<\/p>\n<p>Ens ho vam passar genial!<\/p>\n<p><a href=\"http:\/\/agora.xtec.cat\/ceip-molidevent\/wp-content\/uploads\/usu1187\/2015\/11\/IMG_0178.jpg\"><img loading=\"lazy\" decoding=\"async\" class=\"aligncenter  wp-image-1050\" src=\"http:\/\/agora.xtec.cat\/ceip-molidevent\/wp-content\/uploads\/usu1187\/2015\/11\/IMG_0178-1024x576.jpg\" alt=\"IMG_0178\" width=\"496\" height=\"279\" srcset=\"https:\/\/agora.xtec.cat\/ceip-molidevent\/wp-content\/uploads\/usu1187\/2015\/11\/IMG_0178-1024x576.jpg 1024w, https:\/\/agora.xtec.cat\/ceip-molidevent\/wp-content\/uploads\/usu1187\/2015\/11\/IMG_0178-300x169.jpg 300w, https:\/\/agora.xtec.cat\/ceip-molidevent\/wp-content\/uploads\/usu1187\/2015\/11\/IMG_0178.jpg 1280w\" sizes=\"auto, (max-width: 496px) 100vw, 496px\" \/><\/a><\/p>\n<p style=\"text-align: right;\">\u00a0\u00a0\u00a0\u00a0\u00a0\u00a0\u00a0\u00a0\u00a0\u00a0\u00a0\u00a0\u00a0\u00a0\u00a0\u00a0\u00a0\u00a0\u00a0\u00a0\u00a0\u00a0\u00a0\u00a0\u00a0\u00a0\u00a0\u00a0\u00a0\u00a0\u00a0\u00a0\u00a0\u00a0\u00a0\u00a0\u00a0\u00a0\u00a0\u00a0\u00a0\u00a0\u00a0\u00a0\u00a0\u00a0 Judit, Clara, Ona i Roger.<\/p>\n","protected":false},"excerpt":{"rendered":"<p>El passat 20 de novembre els alumnes de 5\u00e8 vam anar a la Reserva Natural de Sebes ( Flix).<br \/>\nVam anar amb autob\u00fas i al arribar ens vam repartir en tres grups per fer la visita guiada i treballar els tres ecosistemes que anir\u00edem trobant: el&hellip;  <a href=\"https:\/\/agora.xtec.cat\/ceip-molidevent\/general\/la-sortida-a-flix-pels-alumnes-de-5e\/\" title=\"Read La sortida a Flix pels alumnes de 5\u00e8\">Llegeix m\u00e9s\u00bb<\/a><\/p>\n","protected":false},"author":1,"featured_media":0,"comment_status":"open","ping_status":"open","sticky":false,"template":"","format":"standard","meta":{"_bbp_topic_count":0,"_bbp_reply_count":0,"_bbp_total_topic_count":0,"_bbp_total_reply_count":0,"_bbp_voice_count":0,"_bbp_anonymous_reply_count":0,"_bbp_topic_count_hidden":0,"_bbp_reply_count_hidden":0,"_bbp_forum_subforum_count":0,"footnotes":""},"categories":[66,14,1,26],"tags":[],"class_list":["post-1048","post","type-post","status-publish","format-standard","hentry","category-15-16","category-5e","category-general","category-cicle-superior"],"post_mailing_queue_ids":[],"_links":{"self":[{"href":"https:\/\/agora.xtec.cat\/ceip-molidevent\/wp-json\/wp\/v2\/posts\/1048","targetHints":{"allow":["GET"]}}],"collection":[{"href":"https:\/\/agora.xtec.cat\/ceip-molidevent\/wp-json\/wp\/v2\/posts"}],"about":[{"href":"https:\/\/agora.xtec.cat\/ceip-molidevent\/wp-json\/wp\/v2\/types\/post"}],"author":[{"embeddable":true,"href":"https:\/\/agora.xtec.cat\/ceip-molidevent\/wp-json\/wp\/v2\/users\/1"}],"replies":[{"embeddable":true,"href":"https:\/\/agora.xtec.cat\/ceip-molidevent\/wp-json\/wp\/v2\/comments?post=1048"}],"version-history":[{"count":2,"href":"https:\/\/agora.xtec.cat\/ceip-molidevent\/wp-json\/wp\/v2\/posts\/1048\/revisions"}],"predecessor-version":[{"id":1053,"href":"https:\/\/agora.xtec.cat\/ceip-molidevent\/wp-json\/wp\/v2\/posts\/1048\/revisions\/1053"}],"wp:attachment":[{"href":"https:\/\/agora.xtec.cat\/ceip-molidevent\/wp-json\/wp\/v2\/media?parent=1048"}],"wp:term":[{"taxonomy":"category","embeddable":true,"href":"https:\/\/agora.xtec.cat\/ceip-molidevent\/wp-json\/wp\/v2\/categories?post=1048"},{"taxonomy":"post_tag","embeddable":true,"href":"https:\/\/agora.xtec.cat\/ceip-molidevent\/wp-json\/wp\/v2\/tags?post=1048"}],"curies":[{"name":"wp","href":"https:\/\/api.w.org\/{rel}","templated":true}]}}