{"id":1036,"date":"2015-11-20T12:20:49","date_gmt":"2015-11-20T11:20:49","guid":{"rendered":"http:\/\/agora.xtec.cat\/ceip-molidevent\/?p=1036"},"modified":"2016-09-01T10:58:50","modified_gmt":"2016-09-01T09:58:50","slug":"la-biblioteca-de-lescola-obre-les-seves-portes","status":"publish","type":"post","link":"https:\/\/agora.xtec.cat\/ceip-molidevent\/general\/la-biblioteca-de-lescola-obre-les-seves-portes\/","title":{"rendered":"La biblioteca de l&#8217;escola obre les seves portes!!!"},"content":{"rendered":"<p>El proper dilluns dia 23 de novembre la biblioteca escolar obrir\u00e0 de nou les seves portes. Durant aquest temps hem fet molts canvis que estem segurs que us deixaran bocabadats. Ens han visitat\u00a0 diferents tipus d&#8217;\u00e9ssers m\u00e0gics i ens han ajudat a fer esporga de llibres, redistribuci\u00f3 d\u2019espais i nova decoraci\u00f3 en la nostra biblioteca.<a href=\"http:\/\/agora.xtec.cat\/ceip-molidevent\/wp-content\/uploads\/usu1187\/2015\/11\/IMG_8675.jpg\"><img loading=\"lazy\" decoding=\"async\" class=\"  wp-image-1041 alignright\" src=\"http:\/\/agora.xtec.cat\/ceip-molidevent\/wp-content\/uploads\/usu1187\/2015\/11\/IMG_8675-1024x768.jpg\" alt=\"IMG_8675\" width=\"271\" height=\"203\" srcset=\"https:\/\/agora.xtec.cat\/ceip-molidevent\/wp-content\/uploads\/usu1187\/2015\/11\/IMG_8675-1024x768.jpg 1024w, https:\/\/agora.xtec.cat\/ceip-molidevent\/wp-content\/uploads\/usu1187\/2015\/11\/IMG_8675-300x225.jpg 300w, https:\/\/agora.xtec.cat\/ceip-molidevent\/wp-content\/uploads\/usu1187\/2015\/11\/IMG_8675-200x150.jpg 200w, https:\/\/agora.xtec.cat\/ceip-molidevent\/wp-content\/uploads\/usu1187\/2015\/11\/IMG_8675.jpg 1600w\" sizes=\"auto, (max-width: 271px) 100vw, 271px\" \/><\/a><\/p>\n<p>Esperem que ens visiteu en aquest m\u00f3n de fantasia en el qual nom\u00e9s vosaltres sou els protagonistes a la vegada que descobrim que la lectura \u00e9s una eina fonamental en la nostra vida.<\/p>\n<p>Nom\u00e9s recordar-vos que farem activitats al llarg del curs a tots el cicles i que podreu agafar en pr\u00e9stec \u00a0aquells llibres que us agradin.<\/p>\n<p>NO HI PODEU FALTAR!!!! US ESPEREM!!!!<\/p>\n<p><a href=\"http:\/\/agora.xtec.cat\/ceip-molidevent\/wp-content\/uploads\/usu1187\/2015\/11\/IMG_8691.jpg\"><img loading=\"lazy\" decoding=\"async\" class=\" wp-image-1040  aligncenter\" src=\"http:\/\/agora.xtec.cat\/ceip-molidevent\/wp-content\/uploads\/usu1187\/2015\/11\/IMG_8691-e1448018259558.jpg\" alt=\"IMG_8691\" width=\"318\" height=\"424\" srcset=\"https:\/\/agora.xtec.cat\/ceip-molidevent\/wp-content\/uploads\/usu1187\/2015\/11\/IMG_8691-e1448018259558.jpg 480w, https:\/\/agora.xtec.cat\/ceip-molidevent\/wp-content\/uploads\/usu1187\/2015\/11\/IMG_8691-e1448018259558-225x300.jpg 225w\" sizes=\"auto, (max-width: 318px) 100vw, 318px\" \/><\/a><\/p>\n<p>&nbsp;<\/p>\n<p>&nbsp;<\/p>\n","protected":false},"excerpt":{"rendered":"<p>El proper dilluns dia 23 de novembre la biblioteca escolar obrir\u00e0 de nou les seves portes. Durant aquest temps hem fet molts canvis que estem segurs que us deixaran bocabadats. Ens han visitat\u00a0 diferents tipus d&#8217;\u00e9ssers m\u00e0gics i ens han ajudat a fer esporga de&hellip;  <a href=\"https:\/\/agora.xtec.cat\/ceip-molidevent\/general\/la-biblioteca-de-lescola-obre-les-seves-portes\/\" title=\"Read La biblioteca de l&#8217;escola obre les seves portes!!!\">Llegeix m\u00e9s\u00bb<\/a><\/p>\n","protected":false},"author":1,"featured_media":0,"comment_status":"open","ping_status":"open","sticky":false,"template":"","format":"standard","meta":{"_bbp_topic_count":0,"_bbp_reply_count":0,"_bbp_total_topic_count":0,"_bbp_total_reply_count":0,"_bbp_voice_count":0,"_bbp_anonymous_reply_count":0,"_bbp_topic_count_hidden":0,"_bbp_reply_count_hidden":0,"_bbp_forum_subforum_count":0,"footnotes":""},"categories":[66,24,1],"tags":[37],"class_list":["post-1036","post","type-post","status-publish","format-standard","hentry","category-15-16","category-biblioteca","category-general","tag-biblioteca-2"],"post_mailing_queue_ids":[],"_links":{"self":[{"href":"https:\/\/agora.xtec.cat\/ceip-molidevent\/wp-json\/wp\/v2\/posts\/1036","targetHints":{"allow":["GET"]}}],"collection":[{"href":"https:\/\/agora.xtec.cat\/ceip-molidevent\/wp-json\/wp\/v2\/posts"}],"about":[{"href":"https:\/\/agora.xtec.cat\/ceip-molidevent\/wp-json\/wp\/v2\/types\/post"}],"author":[{"embeddable":true,"href":"https:\/\/agora.xtec.cat\/ceip-molidevent\/wp-json\/wp\/v2\/users\/1"}],"replies":[{"embeddable":true,"href":"https:\/\/agora.xtec.cat\/ceip-molidevent\/wp-json\/wp\/v2\/comments?post=1036"}],"version-history":[{"count":4,"href":"https:\/\/agora.xtec.cat\/ceip-molidevent\/wp-json\/wp\/v2\/posts\/1036\/revisions"}],"predecessor-version":[{"id":1044,"href":"https:\/\/agora.xtec.cat\/ceip-molidevent\/wp-json\/wp\/v2\/posts\/1036\/revisions\/1044"}],"wp:attachment":[{"href":"https:\/\/agora.xtec.cat\/ceip-molidevent\/wp-json\/wp\/v2\/media?parent=1036"}],"wp:term":[{"taxonomy":"category","embeddable":true,"href":"https:\/\/agora.xtec.cat\/ceip-molidevent\/wp-json\/wp\/v2\/categories?post=1036"},{"taxonomy":"post_tag","embeddable":true,"href":"https:\/\/agora.xtec.cat\/ceip-molidevent\/wp-json\/wp\/v2\/tags?post=1036"}],"curies":[{"name":"wp","href":"https:\/\/api.w.org\/{rel}","templated":true}]}}