{"id":2623,"date":"2021-06-07T10:30:47","date_gmt":"2021-06-07T08:30:47","guid":{"rendered":"https:\/\/agora.xtec.cat\/ceip-mogent\/?p=2623"},"modified":"2021-07-05T20:25:54","modified_gmt":"2021-07-05T18:25:54","slug":"preinscripcio-2021-2022-2","status":"publish","type":"post","link":"https:\/\/agora.xtec.cat\/ceip-mogent\/general\/preinscripcio-2021-2022-2\/","title":{"rendered":"Preinscripci\u00f3 2021-2022   NOVETATS!"},"content":{"rendered":"<p><span style=\"color: #008000;\"><strong><a href=\"https:\/\/agora.xtec.cat\/ceip-mogent\/wp-content\/uploads\/usu40\/2021\/05\/INFORME_ASSIGNADES_INFORME_ASSIGNADES-2.pdf\">LLISTAT D&#8217;ALUMNES QUE ENTREN A L&#8217;ESCOLA MOGENT\u00a0<\/a> <\/strong><\/span><\/p>\n<p><span style=\"color: #008000;\"><strong><a href=\"https:\/\/agora.xtec.cat\/ceip-mogent\/wp-content\/uploads\/usu40\/2021\/05\/INFORME_LLISTA_ESPERA_OME_LLISTA_ESPERA-1.pdf\">LLISTA D&#8217;ESPERA<\/a> <\/strong><\/span><\/p>\n<p><span style=\"color: #008000;\"><strong>LLISTAT AMB EL BAREM, RESOLTES LES<\/strong><\/span><a href=\"https:\/\/agora.xtec.cat\/ceip-mogent\/wp-content\/uploads\/usu40\/2021\/04\/INFORME_BAREM_RESOLTES_BAREM-30.04.2021.pdf\"><span style=\"color: #008000;\"><strong> RECLAMACIONS<\/strong><\/span><\/a><\/p>\n<p><span style=\"color: #008000;\"><strong>SOL\u00b7LICITUD I DOCUMENTACI\u00d3<\/strong><\/span><br \/>\nDel 15 al 24 de mar\u00e7 haureu de <a href=\"https:\/\/ctti.queue-it.net\/?c=ctti&amp;e=preins&amp;t=https%3A%2F%2Faplicacions.ensenyament.gencat.cat%2FGEDAC%2FGEDACSOL_SE_CAT.html\"><span style=\"color: #008000;\"><strong>FER LA SOL\u00b7LICITUD ONLINE<\/strong><\/span><\/a> (aqu\u00ed teniu els<a href=\"https:\/\/agora.xtec.cat\/ceip-mogent\/wp-content\/uploads\/usu40\/2020\/05\/Captura-de-pantalla-2020-05-12-a-las-13.01.52.png\"><span style=\"color: #008000;\"><strong> CODIS DE CENTRE<\/strong><\/span><\/a>) i adjuntar la documentaci\u00f3 necess\u00e0ria,<br \/>\ntal i com s&#8217;explica en aquest <a href=\"https:\/\/youtu.be\/7Jz8gYBFCFM\"><span style=\"color: #008000;\"><strong>V\u00cdDEO AMB LES INSTRUCCIONS.<\/strong><\/span><\/a><\/p>\n<p><a href=\"http:\/\/educacio.gencat.cat\/ca\/tramits\/tramits-temes\/20483-obligatoris?moda=1\"><span style=\"color: #008000;\"><strong>NECESSITES MODIFICAR LA TEVA SOL\u00b7LICITUD?<\/strong><\/span><\/a><br \/>\n(a l&#8217;apartat &#8220;Per internet&#8221;, &#8220;Modificaci\u00f3 de la sol\u00b7licitud electr\u00f2nica)<\/p>\n<p><span style=\"color: #008000;\"><strong>SEGUIMENT DE LA VOSTRA SOL\u00b7LICITUD I LLISTES<\/strong><\/span><br \/>\nAnirem publicant totes les novetats i llistes al nostre web.<br \/>\n<a href=\"https:\/\/preinscripcio.gencat.cat\/ca\/estudis\/infantil-3-6\/informat\/calendari\/\">Calendari de preinscripci\u00f3<\/a><br \/>\n<a href=\"https:\/\/agora.xtec.cat\/ceip-mogent\/wp-content\/uploads\/usu40\/2021\/02\/INFORME_OFERTA_OME_INFORME_OFERTA.pdf\">Oferta de places<\/a><br \/>\nPodeu trobar m\u00e9s informaci\u00f3 al web del <a href=\"https:\/\/preinscripcio.gencat.cat\/ca\/inici\/\"><span style=\"color: #008000;\"><strong>Departament<\/strong><\/span><\/a><\/p>\n<p>Un cop surtin les llistes de les admissions, us citarem per una entrevista amb el vostre fill o filla <em>(encara no disponible)<\/em><\/p>\n<p><span style=\"color: #008000;\"><strong>MATRICULACI\u00d3<\/strong><\/span><br \/>\nPer finalitzar tot el proc\u00e9s, us convocarem a una reuni\u00f3 telem\u00e0tica per formalitzar la matr\u00edcula (entre el 14 i el 18 de juny)<\/p>\n<p><a href=\"https:\/\/agora.xtec.cat\/ceip-mogent\/que-opinen-les-families\/\"><img loading=\"lazy\" decoding=\"async\" class=\"size-full wp-image-2627 aligncenter\" src=\"https:\/\/agora.xtec.cat\/ceip-mogent\/wp-content\/uploads\/usu40\/2021\/02\/Fam\u00edlies.png\" alt=\"\" width=\"421\" height=\"252\" srcset=\"https:\/\/agora.xtec.cat\/ceip-mogent\/wp-content\/uploads\/usu40\/2021\/02\/Fam\u00edlies.png 421w, https:\/\/agora.xtec.cat\/ceip-mogent\/wp-content\/uploads\/usu40\/2021\/02\/Fam\u00edlies-300x180.png 300w\" sizes=\"auto, (max-width: 421px) 100vw, 421px\" \/><\/a>Voleu escoltar <a href=\"https:\/\/agora.xtec.cat\/ceip-mogent\/que-opinen-les-families\/\"><strong>L&#8217;OPINI\u00d3 D&#8217;ALGUNES FAM\u00cdLIES<\/strong><\/a> de l&#8217;escola? Podeu fer click a la imatge per escoltar la seva experi\u00e8ncia.<\/p>\n","protected":false},"excerpt":{"rendered":"<p>LLISTAT D&#8217;ALUMNES QUE ENTREN A L&#8217;ESCOLA MOGENT\u00a0 LLISTA D&#8217;ESPERA LLISTAT AMB EL BAREM, RESOLTES LES RECLAMACIONS SOL\u00b7LICITUD I DOCUMENTACI\u00d3 Del 15 al 24 de mar\u00e7 haureu de FER LA SOL\u00b7LICITUD ONLINE (aqu\u00ed teniu els CODIS DE CENTRE) i adjuntar la documentaci\u00f3 necess\u00e0ria, tal i com s&#8217;explica en aquest V\u00cdDEO AMB LES INSTRUCCIONS. NECESSITES MODIFICAR LA [&hellip;]<\/p>\n","protected":false},"author":1,"featured_media":2680,"comment_status":"open","ping_status":"closed","sticky":false,"template":"","format":"standard","meta":{"_bbp_topic_count":0,"_bbp_reply_count":0,"_bbp_total_topic_count":0,"_bbp_total_reply_count":0,"_bbp_voice_count":0,"_bbp_anonymous_reply_count":0,"_bbp_topic_count_hidden":0,"_bbp_reply_count_hidden":0,"_bbp_forum_subforum_count":0,"site-sidebar-layout":"default","site-content-layout":"","ast-site-content-layout":"","site-content-style":"default","site-sidebar-style":"default","ast-global-header-display":"","ast-banner-title-visibility":"","ast-main-header-display":"","ast-hfb-above-header-display":"","ast-hfb-below-header-display":"","ast-hfb-mobile-header-display":"","site-post-title":"","ast-breadcrumbs-content":"","ast-featured-img":"","footer-sml-layout":"","theme-transparent-header-meta":"","adv-header-id-meta":"","stick-header-meta":"","header-above-stick-meta":"","header-main-stick-meta":"","header-below-stick-meta":"","astra-migrate-meta-layouts":"default","ast-page-background-enabled":"default","ast-page-background-meta":{"desktop":{"background-color":"var(--ast-global-color-4)","background-image":"","background-repeat":"repeat","background-position":"center center","background-size":"auto","background-attachment":"scroll","background-type":"","background-media":"","overlay-type":"","overlay-color":"","overlay-opacity":"","overlay-gradient":""},"tablet":{"background-color":"","background-image":"","background-repeat":"repeat","background-position":"center center","background-size":"auto","background-attachment":"scroll","background-type":"","background-media":"","overlay-type":"","overlay-color":"","overlay-opacity":"","overlay-gradient":""},"mobile":{"background-color":"","background-image":"","background-repeat":"repeat","background-position":"center center","background-size":"auto","background-attachment":"scroll","background-type":"","background-media":"","overlay-type":"","overlay-color":"","overlay-opacity":"","overlay-gradient":""}},"ast-content-background-meta":{"desktop":{"background-color":"var(--ast-global-color-5)","background-image":"","background-repeat":"repeat","background-position":"center center","background-size":"auto","background-attachment":"scroll","background-type":"","background-media":"","overlay-type":"","overlay-color":"","overlay-opacity":"","overlay-gradient":""},"tablet":{"background-color":"var(--ast-global-color-5)","background-image":"","background-repeat":"repeat","background-position":"center center","background-size":"auto","background-attachment":"scroll","background-type":"","background-media":"","overlay-type":"","overlay-color":"","overlay-opacity":"","overlay-gradient":""},"mobile":{"background-color":"var(--ast-global-color-5)","background-image":"","background-repeat":"repeat","background-position":"center center","background-size":"auto","background-attachment":"scroll","background-type":"","background-media":"","overlay-type":"","overlay-color":"","overlay-opacity":"","overlay-gradient":""}},"footnotes":""},"categories":[1,4],"tags":[],"class_list":["post-2623","post","type-post","status-publish","format-standard","has-post-thumbnail","hentry","category-general","category-portada"],"post_mailing_queue_ids":[],"_links":{"self":[{"href":"https:\/\/agora.xtec.cat\/ceip-mogent\/wp-json\/wp\/v2\/posts\/2623","targetHints":{"allow":["GET"]}}],"collection":[{"href":"https:\/\/agora.xtec.cat\/ceip-mogent\/wp-json\/wp\/v2\/posts"}],"about":[{"href":"https:\/\/agora.xtec.cat\/ceip-mogent\/wp-json\/wp\/v2\/types\/post"}],"author":[{"embeddable":true,"href":"https:\/\/agora.xtec.cat\/ceip-mogent\/wp-json\/wp\/v2\/users\/1"}],"replies":[{"embeddable":true,"href":"https:\/\/agora.xtec.cat\/ceip-mogent\/wp-json\/wp\/v2\/comments?post=2623"}],"version-history":[{"count":4,"href":"https:\/\/agora.xtec.cat\/ceip-mogent\/wp-json\/wp\/v2\/posts\/2623\/revisions"}],"predecessor-version":[{"id":2784,"href":"https:\/\/agora.xtec.cat\/ceip-mogent\/wp-json\/wp\/v2\/posts\/2623\/revisions\/2784"}],"wp:featuredmedia":[{"embeddable":true,"href":"https:\/\/agora.xtec.cat\/ceip-mogent\/wp-json\/wp\/v2\/media\/2680"}],"wp:attachment":[{"href":"https:\/\/agora.xtec.cat\/ceip-mogent\/wp-json\/wp\/v2\/media?parent=2623"}],"wp:term":[{"taxonomy":"category","embeddable":true,"href":"https:\/\/agora.xtec.cat\/ceip-mogent\/wp-json\/wp\/v2\/categories?post=2623"},{"taxonomy":"post_tag","embeddable":true,"href":"https:\/\/agora.xtec.cat\/ceip-mogent\/wp-json\/wp\/v2\/tags?post=2623"}],"curies":[{"name":"wp","href":"https:\/\/api.w.org\/{rel}","templated":true}]}}