{"id":2200,"date":"2020-06-15T12:48:44","date_gmt":"2020-06-15T10:48:44","guid":{"rendered":"https:\/\/agora.xtec.cat\/ceip-mogent\/?p=2200"},"modified":"2020-08-29T11:28:23","modified_gmt":"2020-08-29T09:28:23","slug":"preinscripcio-2020-2021","status":"publish","type":"post","link":"https:\/\/agora.xtec.cat\/ceip-mogent\/general\/preinscripcio-2020-2021\/","title":{"rendered":"Preinscripci\u00f3 2020-2021"},"content":{"rendered":"<p>&nbsp;<\/p>\n<table style=\"width: 445px;\">\n<tbody>\n<tr>\n<td style=\"width: 439px;\"><span style=\"color: #2cab2f;\"><strong>GENERAL<\/strong><\/span><\/p>\n<p>Donada la crisi sanit\u00e0ria provocada pel COVID19, el proc\u00e9s de<span style=\"color: #000000;\"> preinscripci\u00f3 <\/span>es va haver de postposar i vam haver d&#8217;anul\u00b7lar la jornada de portes obertes.<\/td>\n<\/tr>\n<\/tbody>\n<\/table>\n<table style=\"width: 448px; background-color: #7edb72;\">\n<tbody>\n<tr>\n<td style=\"width: 442px;\"><strong><span style=\"color: #ffffff;\">PREINSCRIPCI\u00d3\u00a0\u00a0\u00a0 <\/span><\/strong><\/p>\n<p><span style=\"color: #ffffff;\">Aqu\u00ed podeu consultar tot el <span style=\"color: #339966;\"><strong><a style=\"color: #339966;\" href=\"https:\/\/agora.xtec.cat\/ceip-mogent\/preinscripcio-2020-2021\/\">proc\u00e9s fet durant la preinscripci\u00f3.<\/a><\/strong><\/span><\/span><\/p>\n<p><a href=\"https:\/\/agora.xtec.cat\/ceip-mogent\/wp-content\/uploads\/usu40\/2020\/05\/Assignats-a-lescola.pdf\"><span style=\"color: #339966;\"><strong>LLISTAT D&#8217;ALUMNES ASSIGNATS<\/strong><\/span><\/a><\/p>\n<p><a href=\"https:\/\/agora.xtec.cat\/ceip-mogent\/wp-content\/uploads\/usu40\/2020\/05\/Lllista-despera.pdf\"><span style=\"color: #339966;\"><strong>LLISTA D&#8217;ESPERA<\/strong><\/span><\/a><\/p>\n<p><span style=\"color: #ffffff;\"><a style=\"color: #ffffff;\" href=\"http:\/\/queestudiar.gencat.cat\/ca\/preinscripcio\/estudis\/obligatoris\/calendari\/\"><span style=\"color: #339966;\">Consulta de tot el calendari de preinscripci\u00f3 2020-2021<\/span><\/a><\/span><\/td>\n<\/tr>\n<\/tbody>\n<\/table>\n<table style=\"height: 44px; width: 446px; background-color: #4d945f;\" width=\"699\">\n<tbody>\n<tr>\n<td style=\"width: 440px;\"><strong><span style=\"color: #ffffff;\">MATRICULACI\u00d3<\/span><\/strong><\/p>\n<p><span style=\"color: #ffffff;\">Un cop es publiquin els llistats d&#8217;admesos, us convocarem per formalitzar la matr\u00edcula, del 13 al 17 de juliol <em>[encara pendents d&#8217;instruccions]\u00a0 <\/em><\/span><\/p>\n<p><span style=\"color: #ffffff;\">Podeu trobar tota la informaci\u00f3 del Departament en quant a <span style=\"color: #a0f29d;\"><strong><a style=\"color: #a0f29d;\" href=\"http:\/\/ensenyament.gencat.cat\/ca\/actualitat\/preinscripcio\/matriculacio\/\"><span style=\"color: #d3f29d;\">matriculaci\u00f3 i llistes d&#8217;espera en aquest enlla\u00e7.\u00a0<\/span><\/a><\/strong><\/span><\/span><\/td>\n<\/tr>\n<\/tbody>\n<\/table>\n","protected":false},"excerpt":{"rendered":"<p>&nbsp; GENERAL Donada la crisi sanit\u00e0ria provocada pel COVID19, el proc\u00e9s de preinscripci\u00f3 es va haver de postposar i vam haver d&#8217;anul\u00b7lar la jornada de portes obertes. PREINSCRIPCI\u00d3\u00a0\u00a0\u00a0 Aqu\u00ed podeu consultar tot el proc\u00e9s fet durant la preinscripci\u00f3. LLISTAT D&#8217;ALUMNES ASSIGNATS LLISTA D&#8217;ESPERA Consulta de tot el calendari de preinscripci\u00f3 2020-2021 MATRICULACI\u00d3 Un cop es [&hellip;]<\/p>\n","protected":false},"author":1,"featured_media":0,"comment_status":"open","ping_status":"closed","sticky":false,"template":"","format":"standard","meta":{"_bbp_topic_count":0,"_bbp_reply_count":0,"_bbp_total_topic_count":0,"_bbp_total_reply_count":0,"_bbp_voice_count":0,"_bbp_anonymous_reply_count":0,"_bbp_topic_count_hidden":0,"_bbp_reply_count_hidden":0,"_bbp_forum_subforum_count":0,"site-sidebar-layout":"default","site-content-layout":"","ast-site-content-layout":"","site-content-style":"default","site-sidebar-style":"default","ast-global-header-display":"","ast-banner-title-visibility":"","ast-main-header-display":"","ast-hfb-above-header-display":"","ast-hfb-below-header-display":"","ast-hfb-mobile-header-display":"","site-post-title":"","ast-breadcrumbs-content":"","ast-featured-img":"","footer-sml-layout":"","theme-transparent-header-meta":"","adv-header-id-meta":"","stick-header-meta":"","header-above-stick-meta":"","header-main-stick-meta":"","header-below-stick-meta":"","astra-migrate-meta-layouts":"default","ast-page-background-enabled":"default","ast-page-background-meta":{"desktop":{"background-color":"var(--ast-global-color-4)","background-image":"","background-repeat":"repeat","background-position":"center center","background-size":"auto","background-attachment":"scroll","background-type":"","background-media":"","overlay-type":"","overlay-color":"","overlay-opacity":"","overlay-gradient":""},"tablet":{"background-color":"","background-image":"","background-repeat":"repeat","background-position":"center center","background-size":"auto","background-attachment":"scroll","background-type":"","background-media":"","overlay-type":"","overlay-color":"","overlay-opacity":"","overlay-gradient":""},"mobile":{"background-color":"","background-image":"","background-repeat":"repeat","background-position":"center center","background-size":"auto","background-attachment":"scroll","background-type":"","background-media":"","overlay-type":"","overlay-color":"","overlay-opacity":"","overlay-gradient":""}},"ast-content-background-meta":{"desktop":{"background-color":"var(--ast-global-color-5)","background-image":"","background-repeat":"repeat","background-position":"center center","background-size":"auto","background-attachment":"scroll","background-type":"","background-media":"","overlay-type":"","overlay-color":"","overlay-opacity":"","overlay-gradient":""},"tablet":{"background-color":"var(--ast-global-color-5)","background-image":"","background-repeat":"repeat","background-position":"center center","background-size":"auto","background-attachment":"scroll","background-type":"","background-media":"","overlay-type":"","overlay-color":"","overlay-opacity":"","overlay-gradient":""},"mobile":{"background-color":"var(--ast-global-color-5)","background-image":"","background-repeat":"repeat","background-position":"center center","background-size":"auto","background-attachment":"scroll","background-type":"","background-media":"","overlay-type":"","overlay-color":"","overlay-opacity":"","overlay-gradient":""}},"footnotes":""},"categories":[1,4],"tags":[],"class_list":["post-2200","post","type-post","status-publish","format-standard","hentry","category-general","category-portada"],"post_mailing_queue_ids":[],"_links":{"self":[{"href":"https:\/\/agora.xtec.cat\/ceip-mogent\/wp-json\/wp\/v2\/posts\/2200","targetHints":{"allow":["GET"]}}],"collection":[{"href":"https:\/\/agora.xtec.cat\/ceip-mogent\/wp-json\/wp\/v2\/posts"}],"about":[{"href":"https:\/\/agora.xtec.cat\/ceip-mogent\/wp-json\/wp\/v2\/types\/post"}],"author":[{"embeddable":true,"href":"https:\/\/agora.xtec.cat\/ceip-mogent\/wp-json\/wp\/v2\/users\/1"}],"replies":[{"embeddable":true,"href":"https:\/\/agora.xtec.cat\/ceip-mogent\/wp-json\/wp\/v2\/comments?post=2200"}],"version-history":[{"count":4,"href":"https:\/\/agora.xtec.cat\/ceip-mogent\/wp-json\/wp\/v2\/posts\/2200\/revisions"}],"predecessor-version":[{"id":2387,"href":"https:\/\/agora.xtec.cat\/ceip-mogent\/wp-json\/wp\/v2\/posts\/2200\/revisions\/2387"}],"wp:attachment":[{"href":"https:\/\/agora.xtec.cat\/ceip-mogent\/wp-json\/wp\/v2\/media?parent=2200"}],"wp:term":[{"taxonomy":"category","embeddable":true,"href":"https:\/\/agora.xtec.cat\/ceip-mogent\/wp-json\/wp\/v2\/categories?post=2200"},{"taxonomy":"post_tag","embeddable":true,"href":"https:\/\/agora.xtec.cat\/ceip-mogent\/wp-json\/wp\/v2\/tags?post=2200"}],"curies":[{"name":"wp","href":"https:\/\/api.w.org\/{rel}","templated":true}]}}