{"id":1953,"date":"2019-10-17T10:47:42","date_gmt":"2019-10-17T08:47:42","guid":{"rendered":"https:\/\/agora.xtec.cat\/ceip-mogent\/?p=1953"},"modified":"2019-11-18T15:54:43","modified_gmt":"2019-11-18T14:54:43","slug":"comunicat-de-vaga-18-doctubre","status":"publish","type":"post","link":"https:\/\/agora.xtec.cat\/ceip-mogent\/general\/comunicat-de-vaga-18-doctubre\/","title":{"rendered":"Comunicat de Vaga 18 d&#8217;Octubre"},"content":{"rendered":"<p>Us informem que hi ha una vaga, de car\u00e0cter general, convocada per l\u2019Intersindical SCS (I-CSC) i l\u2019intersindical Alternativa de Catalunya (IAC) per al proper divendres 18 d\u2019octubre.<br \/>\nEls motius d\u2019aquesta vaga s\u00f3n els seg\u00fcents:<br \/>\n\u2022 Retirada del projecte de llei de contractes i serveis a les persones, Llei Aragon\u00e9s<br \/>\n\u2022 Derogaci\u00f3 de les reformes laborals del 2010 i 2012<br \/>\n\u2022 Aplicaci\u00f3 immediata de l\u2019acord d\u2019emerg\u00e8ncia clim\u00e0tica<br \/>\n\u2022 Garantir la igualtat entre dones i homes, eliminar la precarietat laboral i l\u2019alta taxa de contractes amb jornades parcials<br \/>\n\u2022 Retornar completament i immediatament les pagues extres del 2013 i 2014<br \/>\n\u2022 Retornar completament i immediatament les pagues extres del 2013 i 2014<br \/>\n\u2022 Assegurar les substitucions des del primer dia de tot el personal<br \/>\n\u2022 Garantir els mateixos drets al personal inter\u00ed<br \/>\n\u2022 Recuperar els drets laborals i econ\u00f2mics del personal perduts a causa de les retallades<br \/>\n\u2022 Garantir un model de funci\u00f3 p\u00fablica de qualitat a les escoles catalanes, les quals, des de fa temps, patim retallades, acusacions injustificades d&#8217;adoctrinament i atacs al model d\u2019immersi\u00f3 ling\u00fc\u00edstica.<\/p>\n<p>Davant de l\u2019anteriorment exposat, el 58 % del Claustre de la nostra escola s\u2019adhereix a la vaga i, per tant, no podem garantir les activitats lectives al llarg del dia.<br \/>\nQueden garantits els <strong>serveis m\u00ednims <\/strong>decretats pel Departament d\u2019Ensenyament:<br \/>\n\u2022 1 membre de l\u2019Equip Directiu<br \/>\n\u2022 1 mestre per cada 6 aules (en el cas de la nostra escola 3 docents)<\/p>\n<p>El servei de <strong>menjador<\/strong> garanteix els serveis m\u00ednims.<\/p>\n<p>El servei de <strong>transport<\/strong> funcionar\u00e0 en la mida que els sigui possible, depenent dels talls de carreteres.<\/p>\n","protected":false},"excerpt":{"rendered":"<p>Us informem que hi ha una vaga, de car\u00e0cter general, convocada per l\u2019Intersindical SCS (I-CSC) i l\u2019intersindical Alternativa de Catalunya (IAC) per al proper divendres 18 d\u2019octubre. Els motius d\u2019aquesta vaga s\u00f3n els seg\u00fcents: \u2022 Retirada del projecte de llei de contractes i serveis a les persones, Llei Aragon\u00e9s \u2022 Derogaci\u00f3 de les reformes laborals [&hellip;]<\/p>\n","protected":false},"author":1,"featured_media":0,"comment_status":"open","ping_status":"closed","sticky":false,"template":"","format":"standard","meta":{"_bbp_topic_count":0,"_bbp_reply_count":0,"_bbp_total_topic_count":0,"_bbp_total_reply_count":0,"_bbp_voice_count":0,"_bbp_anonymous_reply_count":0,"_bbp_topic_count_hidden":0,"_bbp_reply_count_hidden":0,"_bbp_forum_subforum_count":0,"site-sidebar-layout":"default","site-content-layout":"","ast-site-content-layout":"","site-content-style":"default","site-sidebar-style":"default","ast-global-header-display":"","ast-banner-title-visibility":"","ast-main-header-display":"","ast-hfb-above-header-display":"","ast-hfb-below-header-display":"","ast-hfb-mobile-header-display":"","site-post-title":"","ast-breadcrumbs-content":"","ast-featured-img":"","footer-sml-layout":"","theme-transparent-header-meta":"","adv-header-id-meta":"","stick-header-meta":"","header-above-stick-meta":"","header-main-stick-meta":"","header-below-stick-meta":"","astra-migrate-meta-layouts":"default","ast-page-background-enabled":"default","ast-page-background-meta":{"desktop":{"background-color":"var(--ast-global-color-4)","background-image":"","background-repeat":"repeat","background-position":"center center","background-size":"auto","background-attachment":"scroll","background-type":"","background-media":"","overlay-type":"","overlay-color":"","overlay-opacity":"","overlay-gradient":""},"tablet":{"background-color":"","background-image":"","background-repeat":"repeat","background-position":"center center","background-size":"auto","background-attachment":"scroll","background-type":"","background-media":"","overlay-type":"","overlay-color":"","overlay-opacity":"","overlay-gradient":""},"mobile":{"background-color":"","background-image":"","background-repeat":"repeat","background-position":"center center","background-size":"auto","background-attachment":"scroll","background-type":"","background-media":"","overlay-type":"","overlay-color":"","overlay-opacity":"","overlay-gradient":""}},"ast-content-background-meta":{"desktop":{"background-color":"var(--ast-global-color-5)","background-image":"","background-repeat":"repeat","background-position":"center center","background-size":"auto","background-attachment":"scroll","background-type":"","background-media":"","overlay-type":"","overlay-color":"","overlay-opacity":"","overlay-gradient":""},"tablet":{"background-color":"var(--ast-global-color-5)","background-image":"","background-repeat":"repeat","background-position":"center center","background-size":"auto","background-attachment":"scroll","background-type":"","background-media":"","overlay-type":"","overlay-color":"","overlay-opacity":"","overlay-gradient":""},"mobile":{"background-color":"var(--ast-global-color-5)","background-image":"","background-repeat":"repeat","background-position":"center center","background-size":"auto","background-attachment":"scroll","background-type":"","background-media":"","overlay-type":"","overlay-color":"","overlay-opacity":"","overlay-gradient":""}},"footnotes":""},"categories":[1,4],"tags":[],"class_list":["post-1953","post","type-post","status-publish","format-standard","hentry","category-general","category-portada"],"post_mailing_queue_ids":[],"_links":{"self":[{"href":"https:\/\/agora.xtec.cat\/ceip-mogent\/wp-json\/wp\/v2\/posts\/1953","targetHints":{"allow":["GET"]}}],"collection":[{"href":"https:\/\/agora.xtec.cat\/ceip-mogent\/wp-json\/wp\/v2\/posts"}],"about":[{"href":"https:\/\/agora.xtec.cat\/ceip-mogent\/wp-json\/wp\/v2\/types\/post"}],"author":[{"embeddable":true,"href":"https:\/\/agora.xtec.cat\/ceip-mogent\/wp-json\/wp\/v2\/users\/1"}],"replies":[{"embeddable":true,"href":"https:\/\/agora.xtec.cat\/ceip-mogent\/wp-json\/wp\/v2\/comments?post=1953"}],"version-history":[{"count":3,"href":"https:\/\/agora.xtec.cat\/ceip-mogent\/wp-json\/wp\/v2\/posts\/1953\/revisions"}],"predecessor-version":[{"id":1995,"href":"https:\/\/agora.xtec.cat\/ceip-mogent\/wp-json\/wp\/v2\/posts\/1953\/revisions\/1995"}],"wp:attachment":[{"href":"https:\/\/agora.xtec.cat\/ceip-mogent\/wp-json\/wp\/v2\/media?parent=1953"}],"wp:term":[{"taxonomy":"category","embeddable":true,"href":"https:\/\/agora.xtec.cat\/ceip-mogent\/wp-json\/wp\/v2\/categories?post=1953"},{"taxonomy":"post_tag","embeddable":true,"href":"https:\/\/agora.xtec.cat\/ceip-mogent\/wp-json\/wp\/v2\/tags?post=1953"}],"curies":[{"name":"wp","href":"https:\/\/api.w.org\/{rel}","templated":true}]}}