{"id":1909,"date":"2019-09-23T12:15:10","date_gmt":"2019-09-23T10:15:10","guid":{"rendered":"http:\/\/agora.xtec.cat\/ceip-mogent\/?p=1909"},"modified":"2019-09-25T18:24:29","modified_gmt":"2019-09-25T16:24:29","slug":"taller-educacio-emocional","status":"publish","type":"post","link":"https:\/\/agora.xtec.cat\/ceip-mogent\/general\/taller-educacio-emocional\/","title":{"rendered":"Taller Educaci\u00f3 Emocional"},"content":{"rendered":"<p>&nbsp;<\/p>\n<p style=\"text-align: center;\"><iframe loading=\"lazy\" src=\"\/\/www.youtube.com\/embed\/yLGXGnWhrXM\" width=\"560\" height=\"315\" frameborder=\"0\" allowfullscreen=\"allowfullscreen\"><\/iframe><\/p>\n<p>Dimecres 2 d&#8217;octubre a les 16:45 us presentarem a una reuni\u00f3 el proper taller d&#8217;educaci\u00f3 emocional adre\u00e7at a fam\u00edlies.<\/p>\n<p>El taller, Descobrim les Emocions, es far\u00e0 en resposta a la demanda feta a la jornada d&#8217;<a href=\"https:\/\/agora.xtec.cat\/ceip-mogent\/general\/jornada-per-families-escola-nova-21\/\">Escola Nova 21<\/a>, on una de les compet\u00e8ncies clau a treballar amb els fills i filles \u00e9s la gesti\u00f3 de les emocions. Per poder-los ajudar, cal treballar primer l&#8217;autoconeixement de les emocions per part de l&#8217;adult.<\/p>\n<p>El taller es far\u00e0 en dues convocat\u00f2ries: hivern i primavera, i constar\u00e0 de 4 sessions (una mensual). Anir\u00e0 a c\u00e0rrec dels dos professionals <a href=\"http:\/\/www.utilapd.com\/cat\/qui-som\/nosaltres.php\">Albert Soler i Albert Lacruz, de UTIL.<\/a><\/p>\n<p>Podeu apuntar-vos a la reuni\u00f3 informativa <a href=\"https:\/\/forms.gle\/g5Msa6kxSfSnh7pCA\">en aquest link<\/a>.<\/p>\n<p><a href=\"https:\/\/agora.xtec.cat\/ceip-mogent\/wp-content\/uploads\/usu40\/2019\/09\/0001.jpg\"><img loading=\"lazy\" decoding=\"async\" class=\"aligncenter wp-image-1912\" src=\"https:\/\/agora.xtec.cat\/ceip-mogent\/wp-content\/uploads\/usu40\/2019\/09\/0001-724x1024.jpg\" alt=\"\" width=\"170\" height=\"240\" srcset=\"https:\/\/agora.xtec.cat\/ceip-mogent\/wp-content\/uploads\/usu40\/2019\/09\/0001-724x1024.jpg 724w, https:\/\/agora.xtec.cat\/ceip-mogent\/wp-content\/uploads\/usu40\/2019\/09\/0001-212x300.jpg 212w, https:\/\/agora.xtec.cat\/ceip-mogent\/wp-content\/uploads\/usu40\/2019\/09\/0001-768x1086.jpg 768w\" sizes=\"auto, (max-width: 170px) 100vw, 170px\" \/><\/a><\/p>\n","protected":false},"excerpt":{"rendered":"<p>&nbsp; Dimecres 2 d&#8217;octubre a les 16:45 us presentarem a una reuni\u00f3 el proper taller d&#8217;educaci\u00f3 emocional adre\u00e7at a fam\u00edlies. El taller, Descobrim les Emocions, es far\u00e0 en resposta a la demanda feta a la jornada d&#8217;Escola Nova 21, on una de les compet\u00e8ncies clau a treballar amb els fills i filles \u00e9s la gesti\u00f3 [&hellip;]<\/p>\n","protected":false},"author":1,"featured_media":0,"comment_status":"open","ping_status":"closed","sticky":false,"template":"","format":"standard","meta":{"_bbp_topic_count":0,"_bbp_reply_count":0,"_bbp_total_topic_count":0,"_bbp_total_reply_count":0,"_bbp_voice_count":0,"_bbp_anonymous_reply_count":0,"_bbp_topic_count_hidden":0,"_bbp_reply_count_hidden":0,"_bbp_forum_subforum_count":0,"site-sidebar-layout":"default","site-content-layout":"","ast-site-content-layout":"","site-content-style":"default","site-sidebar-style":"default","ast-global-header-display":"","ast-banner-title-visibility":"","ast-main-header-display":"","ast-hfb-above-header-display":"","ast-hfb-below-header-display":"","ast-hfb-mobile-header-display":"","site-post-title":"","ast-breadcrumbs-content":"","ast-featured-img":"","footer-sml-layout":"","theme-transparent-header-meta":"","adv-header-id-meta":"","stick-header-meta":"","header-above-stick-meta":"","header-main-stick-meta":"","header-below-stick-meta":"","astra-migrate-meta-layouts":"default","ast-page-background-enabled":"default","ast-page-background-meta":{"desktop":{"background-color":"var(--ast-global-color-4)","background-image":"","background-repeat":"repeat","background-position":"center center","background-size":"auto","background-attachment":"scroll","background-type":"","background-media":"","overlay-type":"","overlay-color":"","overlay-opacity":"","overlay-gradient":""},"tablet":{"background-color":"","background-image":"","background-repeat":"repeat","background-position":"center center","background-size":"auto","background-attachment":"scroll","background-type":"","background-media":"","overlay-type":"","overlay-color":"","overlay-opacity":"","overlay-gradient":""},"mobile":{"background-color":"","background-image":"","background-repeat":"repeat","background-position":"center center","background-size":"auto","background-attachment":"scroll","background-type":"","background-media":"","overlay-type":"","overlay-color":"","overlay-opacity":"","overlay-gradient":""}},"ast-content-background-meta":{"desktop":{"background-color":"var(--ast-global-color-5)","background-image":"","background-repeat":"repeat","background-position":"center center","background-size":"auto","background-attachment":"scroll","background-type":"","background-media":"","overlay-type":"","overlay-color":"","overlay-opacity":"","overlay-gradient":""},"tablet":{"background-color":"var(--ast-global-color-5)","background-image":"","background-repeat":"repeat","background-position":"center center","background-size":"auto","background-attachment":"scroll","background-type":"","background-media":"","overlay-type":"","overlay-color":"","overlay-opacity":"","overlay-gradient":""},"mobile":{"background-color":"var(--ast-global-color-5)","background-image":"","background-repeat":"repeat","background-position":"center center","background-size":"auto","background-attachment":"scroll","background-type":"","background-media":"","overlay-type":"","overlay-color":"","overlay-opacity":"","overlay-gradient":""}},"footnotes":""},"categories":[1,4],"tags":[],"class_list":["post-1909","post","type-post","status-publish","format-standard","hentry","category-general","category-portada"],"post_mailing_queue_ids":[],"_links":{"self":[{"href":"https:\/\/agora.xtec.cat\/ceip-mogent\/wp-json\/wp\/v2\/posts\/1909","targetHints":{"allow":["GET"]}}],"collection":[{"href":"https:\/\/agora.xtec.cat\/ceip-mogent\/wp-json\/wp\/v2\/posts"}],"about":[{"href":"https:\/\/agora.xtec.cat\/ceip-mogent\/wp-json\/wp\/v2\/types\/post"}],"author":[{"embeddable":true,"href":"https:\/\/agora.xtec.cat\/ceip-mogent\/wp-json\/wp\/v2\/users\/1"}],"replies":[{"embeddable":true,"href":"https:\/\/agora.xtec.cat\/ceip-mogent\/wp-json\/wp\/v2\/comments?post=1909"}],"version-history":[{"count":3,"href":"https:\/\/agora.xtec.cat\/ceip-mogent\/wp-json\/wp\/v2\/posts\/1909\/revisions"}],"predecessor-version":[{"id":1917,"href":"https:\/\/agora.xtec.cat\/ceip-mogent\/wp-json\/wp\/v2\/posts\/1909\/revisions\/1917"}],"wp:attachment":[{"href":"https:\/\/agora.xtec.cat\/ceip-mogent\/wp-json\/wp\/v2\/media?parent=1909"}],"wp:term":[{"taxonomy":"category","embeddable":true,"href":"https:\/\/agora.xtec.cat\/ceip-mogent\/wp-json\/wp\/v2\/categories?post=1909"},{"taxonomy":"post_tag","embeddable":true,"href":"https:\/\/agora.xtec.cat\/ceip-mogent\/wp-json\/wp\/v2\/tags?post=1909"}],"curies":[{"name":"wp","href":"https:\/\/api.w.org\/{rel}","templated":true}]}}