{"id":1865,"date":"2019-06-26T12:34:06","date_gmt":"2019-06-26T10:34:06","guid":{"rendered":"http:\/\/agora.xtec.cat\/ceip-mogent\/?p=1865"},"modified":"2019-09-08T12:09:19","modified_gmt":"2019-09-08T10:09:19","slug":"curs-2019-2020","status":"publish","type":"post","link":"https:\/\/agora.xtec.cat\/ceip-mogent\/general\/curs-2019-2020\/","title":{"rendered":"Curs 2019-2020"},"content":{"rendered":"<p>Us informem d&#8217;algunes dates importants per al proper curs 2019-2020<\/p>\n<p><strong>NOVETAT<\/strong>: <a href=\"http:\/\/ensenyament.gencat.cat\/ca\/tramits\/tramits-temes\/358-ajuts-ministerio-NEE?evolutiuTramit=1\">Beques d&#8217;Educaci\u00f3 Especial<\/a> fins el 26 de setembre (demaneu cita a secretaria)<\/p>\n<p>5 de setembre a les 12:00 Reuni\u00f3 de P3 (a les aules de P3)<\/p>\n<p>5 de setembre a les 17:00 Reuni\u00f3 general d&#8217;inici de curs (al gimn\u00e0s)<\/p>\n<p>9 de setembre, venda de <strong>quadernets<\/strong> i roba <a href=\"https:\/\/agora.xtec.cat\/ceip-mogent\/lescola\/llistat-de-llibres-2016-2017\/\"><em>(podeu consultar els llistats al web de l&#8217;escola)<\/em><\/a><\/p>\n<p>12 de setembre, inici de les classes (el nou alumnat ha de passar a les 9:00 per direcci\u00f3 i els acompanyarem a les aules)<\/p>\n<p><a href=\"https:\/\/agora.xtec.cat\/ceip-mogent\/wp-content\/uploads\/usu40\/2019\/09\/Calendari-2019-2020.jpg\">Calendari escolar<\/a><\/p>\n<p>Ja podeu fer la inscripci\u00f3 online al <strong>menjador<\/strong> a www.7itria.cat seguint aquestes <a href=\"https:\/\/agora.xtec.cat\/ceip-mogent\/wp-content\/uploads\/usu40\/2019\/06\/430-PAC-INSCRIPCIONS-NOVES.pdf\">senzilles instruccions<\/a>.<\/p>\n<p>En aquest <a href=\"https:\/\/agora.xtec.cat\/ceip-mogent\/wp-content\/uploads\/usu40\/2019\/06\/430-CARTA-PREUS.pdf\">link podeu consultar els preus<\/a> de menjador del curs vinent.<\/p>\n<p>&nbsp;<\/p>\n","protected":false},"excerpt":{"rendered":"<p>Us informem d&#8217;algunes dates importants per al proper curs 2019-2020 NOVETAT: Beques d&#8217;Educaci\u00f3 Especial fins el 26 de setembre (demaneu cita a secretaria) 5 de setembre a les 12:00 Reuni\u00f3 de P3 (a les aules de P3) 5 de setembre a les 17:00 Reuni\u00f3 general d&#8217;inici de curs (al gimn\u00e0s) 9 de setembre, venda de [&hellip;]<\/p>\n","protected":false},"author":1,"featured_media":0,"comment_status":"open","ping_status":"closed","sticky":false,"template":"","format":"standard","meta":{"_bbp_topic_count":0,"_bbp_reply_count":0,"_bbp_total_topic_count":0,"_bbp_total_reply_count":0,"_bbp_voice_count":0,"_bbp_anonymous_reply_count":0,"_bbp_topic_count_hidden":0,"_bbp_reply_count_hidden":0,"_bbp_forum_subforum_count":0,"site-sidebar-layout":"default","site-content-layout":"","ast-site-content-layout":"","site-content-style":"default","site-sidebar-style":"default","ast-global-header-display":"","ast-banner-title-visibility":"","ast-main-header-display":"","ast-hfb-above-header-display":"","ast-hfb-below-header-display":"","ast-hfb-mobile-header-display":"","site-post-title":"","ast-breadcrumbs-content":"","ast-featured-img":"","footer-sml-layout":"","theme-transparent-header-meta":"","adv-header-id-meta":"","stick-header-meta":"","header-above-stick-meta":"","header-main-stick-meta":"","header-below-stick-meta":"","astra-migrate-meta-layouts":"default","ast-page-background-enabled":"default","ast-page-background-meta":{"desktop":{"background-color":"var(--ast-global-color-4)","background-image":"","background-repeat":"repeat","background-position":"center center","background-size":"auto","background-attachment":"scroll","background-type":"","background-media":"","overlay-type":"","overlay-color":"","overlay-opacity":"","overlay-gradient":""},"tablet":{"background-color":"","background-image":"","background-repeat":"repeat","background-position":"center center","background-size":"auto","background-attachment":"scroll","background-type":"","background-media":"","overlay-type":"","overlay-color":"","overlay-opacity":"","overlay-gradient":""},"mobile":{"background-color":"","background-image":"","background-repeat":"repeat","background-position":"center center","background-size":"auto","background-attachment":"scroll","background-type":"","background-media":"","overlay-type":"","overlay-color":"","overlay-opacity":"","overlay-gradient":""}},"ast-content-background-meta":{"desktop":{"background-color":"var(--ast-global-color-5)","background-image":"","background-repeat":"repeat","background-position":"center center","background-size":"auto","background-attachment":"scroll","background-type":"","background-media":"","overlay-type":"","overlay-color":"","overlay-opacity":"","overlay-gradient":""},"tablet":{"background-color":"var(--ast-global-color-5)","background-image":"","background-repeat":"repeat","background-position":"center center","background-size":"auto","background-attachment":"scroll","background-type":"","background-media":"","overlay-type":"","overlay-color":"","overlay-opacity":"","overlay-gradient":""},"mobile":{"background-color":"var(--ast-global-color-5)","background-image":"","background-repeat":"repeat","background-position":"center center","background-size":"auto","background-attachment":"scroll","background-type":"","background-media":"","overlay-type":"","overlay-color":"","overlay-opacity":"","overlay-gradient":""}},"footnotes":""},"categories":[1,4],"tags":[],"class_list":["post-1865","post","type-post","status-publish","format-standard","hentry","category-general","category-portada"],"post_mailing_queue_ids":[],"_links":{"self":[{"href":"https:\/\/agora.xtec.cat\/ceip-mogent\/wp-json\/wp\/v2\/posts\/1865","targetHints":{"allow":["GET"]}}],"collection":[{"href":"https:\/\/agora.xtec.cat\/ceip-mogent\/wp-json\/wp\/v2\/posts"}],"about":[{"href":"https:\/\/agora.xtec.cat\/ceip-mogent\/wp-json\/wp\/v2\/types\/post"}],"author":[{"embeddable":true,"href":"https:\/\/agora.xtec.cat\/ceip-mogent\/wp-json\/wp\/v2\/users\/1"}],"replies":[{"embeddable":true,"href":"https:\/\/agora.xtec.cat\/ceip-mogent\/wp-json\/wp\/v2\/comments?post=1865"}],"version-history":[{"count":4,"href":"https:\/\/agora.xtec.cat\/ceip-mogent\/wp-json\/wp\/v2\/posts\/1865\/revisions"}],"predecessor-version":[{"id":1903,"href":"https:\/\/agora.xtec.cat\/ceip-mogent\/wp-json\/wp\/v2\/posts\/1865\/revisions\/1903"}],"wp:attachment":[{"href":"https:\/\/agora.xtec.cat\/ceip-mogent\/wp-json\/wp\/v2\/media?parent=1865"}],"wp:term":[{"taxonomy":"category","embeddable":true,"href":"https:\/\/agora.xtec.cat\/ceip-mogent\/wp-json\/wp\/v2\/categories?post=1865"},{"taxonomy":"post_tag","embeddable":true,"href":"https:\/\/agora.xtec.cat\/ceip-mogent\/wp-json\/wp\/v2\/tags?post=1865"}],"curies":[{"name":"wp","href":"https:\/\/api.w.org\/{rel}","templated":true}]}}