{"id":1119,"date":"2016-09-16T12:38:03","date_gmt":"2016-09-16T11:38:03","guid":{"rendered":"http:\/\/agora.xtec.cat\/ceip-mogent\/?p=1119"},"modified":"2017-02-12T10:15:54","modified_gmt":"2017-02-12T09:15:54","slug":"escola-nova-21","status":"publish","type":"post","link":"https:\/\/agora.xtec.cat\/ceip-mogent\/portada\/escola-nova-21\/","title":{"rendered":"Escola Nova 21"},"content":{"rendered":"<p><a href=\"http:\/\/agora.xtec.cat\/ceip-mogent\/wp-content\/uploads\/usu40\/2016\/09\/Carta-centres-participants.pdf\"><img loading=\"lazy\" decoding=\"async\" class=\"size-full wp-image-1120 aligncenter\" src=\"http:\/\/agora.xtec.cat\/ceip-mogent\/wp-content\/uploads\/usu40\/2016\/09\/escolanova21.png\" alt=\"escolanova21\" width=\"237\" height=\"81\" \/><\/a><\/p>\n<p><a href=\"http:\/\/www.escolanova21.cat\/\">Escola Nova 21<\/a> ha ampliat el n\u00famero de participants al seu programa, per tant, formem part de les escoles que iniciaran una avaluaci\u00f3 i diagnosi, que acabar\u00e0 al mes de desembre, quan se seleccionaran 30 centres que es formaran amb suport i orientaci\u00f3 d&#8217;Escola Nova 21, en el cam\u00ed cap a una escola avan\u00e7ada.<\/p>\n<p>Aqu\u00ed podreu <a href=\"http:\/\/agora.xtec.cat\/ceip-mogent\/wp-content\/uploads\/usu40\/2016\/09\/Carta-centres-participants.pdf\">llegir la carta<\/a> que ens comunica que formem part de la xarxa.<\/p>\n<p>Com alguns ja sabeu, al darrer Consell Escolar es va accedir a presentar la sol.licitud per formar part del programa <a href=\"http:\/\/www.escolanova21.cat\/\">Escola Nova 21<\/a>. Es tracta d&#8217;un programa per aconseguir un sistema educatiu avan\u00e7at.<\/p>\n<p>&nbsp;<\/p>\n<p>Us convidem a veure aquest diumenge dia 18, a les 21:55h el reportatge <a href=\"http:\/\/www.ccma.cat\/tv3\/alacarta\/30-minuts\/una-altra-escola\/video\/5620064\/\"><em>&#8220;Una altra escola&#8221;<\/em><\/a> del programa &#8220;30 minuts&#8221; a TV3.<\/p>\n<p>&nbsp;<\/p>\n<p>&nbsp;<\/p>\n","protected":false},"excerpt":{"rendered":"<p>Escola Nova 21 ha ampliat el n\u00famero de participants al seu programa, per tant, formem part de les escoles que iniciaran una avaluaci\u00f3 i diagnosi, que acabar\u00e0 al mes de desembre, quan se seleccionaran 30 centres que es formaran amb suport i orientaci\u00f3 d&#8217;Escola Nova 21, en el cam\u00ed cap a una escola avan\u00e7ada. Aqu\u00ed [&hellip;]<\/p>\n","protected":false},"author":1,"featured_media":0,"comment_status":"open","ping_status":"open","sticky":false,"template":"","format":"standard","meta":{"_bbp_topic_count":0,"_bbp_reply_count":0,"_bbp_total_topic_count":0,"_bbp_total_reply_count":0,"_bbp_voice_count":0,"_bbp_anonymous_reply_count":0,"_bbp_topic_count_hidden":0,"_bbp_reply_count_hidden":0,"_bbp_forum_subforum_count":0,"site-sidebar-layout":"default","site-content-layout":"","ast-site-content-layout":"","site-content-style":"default","site-sidebar-style":"default","ast-global-header-display":"","ast-banner-title-visibility":"","ast-main-header-display":"","ast-hfb-above-header-display":"","ast-hfb-below-header-display":"","ast-hfb-mobile-header-display":"","site-post-title":"","ast-breadcrumbs-content":"","ast-featured-img":"","footer-sml-layout":"","theme-transparent-header-meta":"","adv-header-id-meta":"","stick-header-meta":"","header-above-stick-meta":"","header-main-stick-meta":"","header-below-stick-meta":"","astra-migrate-meta-layouts":"default","ast-page-background-enabled":"default","ast-page-background-meta":{"desktop":{"background-color":"var(--ast-global-color-4)","background-image":"","background-repeat":"repeat","background-position":"center center","background-size":"auto","background-attachment":"scroll","background-type":"","background-media":"","overlay-type":"","overlay-color":"","overlay-opacity":"","overlay-gradient":""},"tablet":{"background-color":"","background-image":"","background-repeat":"repeat","background-position":"center center","background-size":"auto","background-attachment":"scroll","background-type":"","background-media":"","overlay-type":"","overlay-color":"","overlay-opacity":"","overlay-gradient":""},"mobile":{"background-color":"","background-image":"","background-repeat":"repeat","background-position":"center center","background-size":"auto","background-attachment":"scroll","background-type":"","background-media":"","overlay-type":"","overlay-color":"","overlay-opacity":"","overlay-gradient":""}},"ast-content-background-meta":{"desktop":{"background-color":"var(--ast-global-color-5)","background-image":"","background-repeat":"repeat","background-position":"center center","background-size":"auto","background-attachment":"scroll","background-type":"","background-media":"","overlay-type":"","overlay-color":"","overlay-opacity":"","overlay-gradient":""},"tablet":{"background-color":"var(--ast-global-color-5)","background-image":"","background-repeat":"repeat","background-position":"center center","background-size":"auto","background-attachment":"scroll","background-type":"","background-media":"","overlay-type":"","overlay-color":"","overlay-opacity":"","overlay-gradient":""},"mobile":{"background-color":"var(--ast-global-color-5)","background-image":"","background-repeat":"repeat","background-position":"center center","background-size":"auto","background-attachment":"scroll","background-type":"","background-media":"","overlay-type":"","overlay-color":"","overlay-opacity":"","overlay-gradient":""}},"footnotes":""},"categories":[4],"tags":[],"class_list":["post-1119","post","type-post","status-publish","format-standard","hentry","category-portada"],"post_mailing_queue_ids":[],"_links":{"self":[{"href":"https:\/\/agora.xtec.cat\/ceip-mogent\/wp-json\/wp\/v2\/posts\/1119","targetHints":{"allow":["GET"]}}],"collection":[{"href":"https:\/\/agora.xtec.cat\/ceip-mogent\/wp-json\/wp\/v2\/posts"}],"about":[{"href":"https:\/\/agora.xtec.cat\/ceip-mogent\/wp-json\/wp\/v2\/types\/post"}],"author":[{"embeddable":true,"href":"https:\/\/agora.xtec.cat\/ceip-mogent\/wp-json\/wp\/v2\/users\/1"}],"replies":[{"embeddable":true,"href":"https:\/\/agora.xtec.cat\/ceip-mogent\/wp-json\/wp\/v2\/comments?post=1119"}],"version-history":[{"count":3,"href":"https:\/\/agora.xtec.cat\/ceip-mogent\/wp-json\/wp\/v2\/posts\/1119\/revisions"}],"predecessor-version":[{"id":1234,"href":"https:\/\/agora.xtec.cat\/ceip-mogent\/wp-json\/wp\/v2\/posts\/1119\/revisions\/1234"}],"wp:attachment":[{"href":"https:\/\/agora.xtec.cat\/ceip-mogent\/wp-json\/wp\/v2\/media?parent=1119"}],"wp:term":[{"taxonomy":"category","embeddable":true,"href":"https:\/\/agora.xtec.cat\/ceip-mogent\/wp-json\/wp\/v2\/categories?post=1119"},{"taxonomy":"post_tag","embeddable":true,"href":"https:\/\/agora.xtec.cat\/ceip-mogent\/wp-json\/wp\/v2\/tags?post=1119"}],"curies":[{"name":"wp","href":"https:\/\/api.w.org\/{rel}","templated":true}]}}