{"id":8612,"date":"2026-09-04T09:04:43","date_gmt":"2026-09-04T07:04:43","guid":{"rendered":"https:\/\/agora.xtec.cat\/ceip-mitja-costa\/?p=8612"},"modified":"2026-09-04T09:04:45","modified_gmt":"2026-09-04T07:04:45","slug":"benvinguts-al-nou-curs-escolar","status":"publish","type":"post","link":"https:\/\/agora.xtec.cat\/ceip-mitja-costa\/infantil\/benvinguts-al-nou-curs-escolar\/","title":{"rendered":"Benvinguts al nou curs escolar!"},"content":{"rendered":"\n<p>Despr\u00e9s d\u2019un estiu ple de moments per descansar, gaudir i carregar piles, arriba el moment de tornar a omplir les aules de\u00a0somriures, il\u00b7lusions, aprenentatges i noves aventures.<\/p>\n\n\n\n<p>A l\u2019escola encetem un nou curs amb molta energia i amb ganes de retrobar-nos amb tots els nens i nenes, les fam\u00edlies i tot l\u2019equip educatiu. Ens espera un curs ple de reptes, descobertes i experi\u00e8ncies que ens permetran continuar creixent i aprenent plegats.<\/p>\n\n\n\n<p>Les aules tornaran a cobrar vida, els passadissos s\u2019ompliran de converses i rialles i els patis recuperaran el seu moviment. Tornarem amb nous projectes, noves idees i, sobretot, amb la il\u00b7lusi\u00f3 de continuar fent de la nostra escola un espai on tothom se senti acollit, escoltat i protagonista del seu aprenentatge.<\/p>\n\n\n\n<p>Aquest curs continuarem treballant per fomentar la curiositat, la creativitat, l\u2019autonomia i la conviv\u00e8ncia, potenciant un aprenentatge significatiu i connectat amb el m\u00f3n que ens envolta.<\/p>\n\n\n\n<p>Per\u00f2 una escola no \u00e9s nom\u00e9s les seves aules.&nbsp;<strong>Som una comunitat<\/strong>, i la participaci\u00f3 i la col\u00b7laboraci\u00f3 de tothom s\u00f3n essencials per construir dia a dia l\u2019escola que volem.<\/p>\n\n\n\n<p>Comencem, doncs, una nova aventura!<\/p>\n\n\n\n<p>Desitgem a tots els infants un curs ple de descobertes, amistats, reptes superats i molts moments feli\u00e7os. I a les fam\u00edlies, gr\u00e0cies per continuar caminant al nostre costat.<\/p>\n\n\n\n<p>Benvingudes i benvinguts al nou curs escolar!<\/p>\n\n\n\n<p>\u00a0Que sigui un curs ple d\u2019aprenentatges, il\u00b7lusions i grans moments compartits!<\/p>\n\n\n\n<p>Bon curs 2026-2027!\u00a0<\/p>\n\n\n\n<figure class=\"wp-block-image alignfull size-large\"><img loading=\"lazy\" decoding=\"async\" width=\"718\" height=\"1024\" src=\"https:\/\/agora.xtec.cat\/ceip-mitja-costa\/wp-content\/uploads\/usu1458\/2026\/09\/image0-718x1024.jpeg\" alt=\"\" class=\"wp-image-8613\" srcset=\"https:\/\/agora.xtec.cat\/ceip-mitja-costa\/wp-content\/uploads\/usu1458\/2026\/09\/image0-718x1024.jpeg 718w, https:\/\/agora.xtec.cat\/ceip-mitja-costa\/wp-content\/uploads\/usu1458\/2026\/09\/image0-351x500.jpeg 351w, https:\/\/agora.xtec.cat\/ceip-mitja-costa\/wp-content\/uploads\/usu1458\/2026\/09\/image0-768x1095.jpeg 768w, https:\/\/agora.xtec.cat\/ceip-mitja-costa\/wp-content\/uploads\/usu1458\/2026\/09\/image0-1077x1536.jpeg 1077w, https:\/\/agora.xtec.cat\/ceip-mitja-costa\/wp-content\/uploads\/usu1458\/2026\/09\/image0.jpeg 1122w\" sizes=\"auto, (max-width: 718px) 100vw, 718px\" \/><\/figure>\n","protected":false},"excerpt":{"rendered":"<p>Despr\u00e9s d\u2019un estiu ple de moments per descansar, gaudir i carregar piles, arriba el moment de tornar a omplir les aules de\u00a0somriures, il\u00b7lusions, aprenentatges i noves aventures. A l\u2019escola encetem un nou curs amb molta energia i amb ganes de retrobar-nos amb tots els nens i nenes, les fam\u00edlies i tot l\u2019equip educatiu. Ens espera [&hellip;]<\/p>\n","protected":false},"author":33,"featured_media":8613,"comment_status":"closed","ping_status":"open","sticky":false,"template":"","format":"standard","meta":{"_bbp_topic_count":0,"_bbp_reply_count":0,"_bbp_total_topic_count":0,"_bbp_total_reply_count":0,"_bbp_voice_count":0,"_bbp_anonymous_reply_count":0,"_bbp_topic_count_hidden":0,"_bbp_reply_count_hidden":0,"_bbp_forum_subforum_count":0,"site-sidebar-layout":"default","site-content-layout":"","ast-site-content-layout":"default","site-content-style":"default","site-sidebar-style":"default","ast-global-header-display":"","ast-banner-title-visibility":"","ast-main-header-display":"","ast-hfb-above-header-display":"","ast-hfb-below-header-display":"","ast-hfb-mobile-header-display":"","site-post-title":"","ast-breadcrumbs-content":"","ast-featured-img":"","footer-sml-layout":"","theme-transparent-header-meta":"","adv-header-id-meta":"","stick-header-meta":"","header-above-stick-meta":"","header-main-stick-meta":"","header-below-stick-meta":"","astra-migrate-meta-layouts":"set","ast-page-background-enabled":"default","ast-page-background-meta":{"desktop":{"background-color":"var(--ast-global-color-4)","background-image":"","background-repeat":"repeat","background-position":"center center","background-size":"auto","background-attachment":"scroll","background-type":"","background-media":"","overlay-type":"","overlay-color":"","overlay-opacity":"","overlay-gradient":""},"tablet":{"background-color":"","background-image":"","background-repeat":"repeat","background-position":"center center","background-size":"auto","background-attachment":"scroll","background-type":"","background-media":"","overlay-type":"","overlay-color":"","overlay-opacity":"","overlay-gradient":""},"mobile":{"background-color":"","background-image":"","background-repeat":"repeat","background-position":"center center","background-size":"auto","background-attachment":"scroll","background-type":"","background-media":"","overlay-type":"","overlay-color":"","overlay-opacity":"","overlay-gradient":""}},"ast-content-background-meta":{"desktop":{"background-color":"var(--ast-global-color-5)","background-image":"","background-repeat":"repeat","background-position":"center center","background-size":"auto","background-attachment":"scroll","background-type":"","background-media":"","overlay-type":"","overlay-color":"","overlay-opacity":"","overlay-gradient":""},"tablet":{"background-color":"var(--ast-global-color-5)","background-image":"","background-repeat":"repeat","background-position":"center center","background-size":"auto","background-attachment":"scroll","background-type":"","background-media":"","overlay-type":"","overlay-color":"","overlay-opacity":"","overlay-gradient":""},"mobile":{"background-color":"var(--ast-global-color-5)","background-image":"","background-repeat":"repeat","background-position":"center center","background-size":"auto","background-attachment":"scroll","background-type":"","background-media":"","overlay-type":"","overlay-color":"","overlay-opacity":"","overlay-gradient":""}},"footnotes":""},"categories":[10,11,12,13,14,15,8,9,317,3,2,316,4,5],"tags":[],"class_list":["post-8612","post","type-post","status-publish","format-standard","has-post-thumbnail","hentry","category-1r","category-2n","category-3r","category-4t","category-5e","category-6e","category-ei-4","category-ei-5","category-grans","category-i-3","category-infantil","category-mitjans","category-portada","category-primaria"],"post_mailing_queue_ids":[],"_links":{"self":[{"href":"https:\/\/agora.xtec.cat\/ceip-mitja-costa\/wp-json\/wp\/v2\/posts\/8612","targetHints":{"allow":["GET"]}}],"collection":[{"href":"https:\/\/agora.xtec.cat\/ceip-mitja-costa\/wp-json\/wp\/v2\/posts"}],"about":[{"href":"https:\/\/agora.xtec.cat\/ceip-mitja-costa\/wp-json\/wp\/v2\/types\/post"}],"author":[{"embeddable":true,"href":"https:\/\/agora.xtec.cat\/ceip-mitja-costa\/wp-json\/wp\/v2\/users\/33"}],"replies":[{"embeddable":true,"href":"https:\/\/agora.xtec.cat\/ceip-mitja-costa\/wp-json\/wp\/v2\/comments?post=8612"}],"version-history":[{"count":1,"href":"https:\/\/agora.xtec.cat\/ceip-mitja-costa\/wp-json\/wp\/v2\/posts\/8612\/revisions"}],"predecessor-version":[{"id":8614,"href":"https:\/\/agora.xtec.cat\/ceip-mitja-costa\/wp-json\/wp\/v2\/posts\/8612\/revisions\/8614"}],"wp:featuredmedia":[{"embeddable":true,"href":"https:\/\/agora.xtec.cat\/ceip-mitja-costa\/wp-json\/wp\/v2\/media\/8613"}],"wp:attachment":[{"href":"https:\/\/agora.xtec.cat\/ceip-mitja-costa\/wp-json\/wp\/v2\/media?parent=8612"}],"wp:term":[{"taxonomy":"category","embeddable":true,"href":"https:\/\/agora.xtec.cat\/ceip-mitja-costa\/wp-json\/wp\/v2\/categories?post=8612"},{"taxonomy":"post_tag","embeddable":true,"href":"https:\/\/agora.xtec.cat\/ceip-mitja-costa\/wp-json\/wp\/v2\/tags?post=8612"}],"curies":[{"name":"wp","href":"https:\/\/api.w.org\/{rel}","templated":true}]}}