{"id":8415,"date":"2026-04-24T16:32:48","date_gmt":"2026-04-24T14:32:48","guid":{"rendered":"https:\/\/agora.xtec.cat\/ceip-mitja-costa\/?p=8415"},"modified":"2026-04-24T16:33:26","modified_gmt":"2026-04-24T14:33:26","slug":"el-talent-de-sise-aconsegueix-un-tercer-premi-al-concurs-molt-racons-per-dibuixar-de-montcada-i-reixac","status":"publish","type":"post","link":"https:\/\/agora.xtec.cat\/ceip-mitja-costa\/portada\/el-talent-de-sise-aconsegueix-un-tercer-premi-al-concurs-molt-racons-per-dibuixar-de-montcada-i-reixac\/","title":{"rendered":"El talent de sis\u00e8 aconsegueix un tercer premi al concurs &#8220;Molt racons per dibuixar&#8221; de Montcada i Reixac"},"content":{"rendered":"\n<p>L\u2019alumnat de sis\u00e8 de la nostra escola est\u00e0 d\u2019enhorabona! Una persona del curs ha estat guardonada amb el <strong>tercer premi<\/strong> en el concurs de dibuix <em>\u201cMontcada i Reixac, molts racons per dibuixar\u201d<\/em>, organitzat per l\u2019Associaci\u00f3 Cultural Montcada.<\/p>\n\n\n\n<p>Aquest certamen, adre\u00e7at a l\u2019alumnat de cinqu\u00e8 i sis\u00e8 de prim\u00e0ria, t\u00e9 com a objectiu fomentar la creativitat i donar a con\u00e8ixer els diferents espais del municipi a trav\u00e9s del dibuix.<\/p>\n\n\n\n<p>El lliurament de premis s\u2019ha dut a terme coincidint amb la diada de Sant Jordi, una jornada molt especial al municipi plena d\u2019activitats culturals i educatives.<\/p>\n\n\n\n<p>Des de l\u2019escola volem felicitar aquesta persona pel seu esfor\u00e7, la seva creativitat i el gran treball realitzat. Estem molt orgullosos i orgulloses de veure com el talent del nostre alumnat \u00e9s reconegut dins del municipi.<\/p>\n\n\n\n<p>Per tal de preservar la privacitat de la persona premiada, les fam\u00edlies poden consultar m\u00e9s informaci\u00f3 a trav\u00e9s del seg\u00fcent <a href=\"https:\/\/agora.xtec.cat\/ceip-mitja-costa\/general\/tercer-premi-per-a-la-daniela-de-sise\/\">enlla\u00e7 privat<\/a>.<\/p>\n\n\n\n<p>Enhorabona!<\/p>\n\n\n\n<figure class=\"wp-block-image alignfull size-full\"><img loading=\"lazy\" decoding=\"async\" width=\"1082\" height=\"691\" src=\"https:\/\/agora.xtec.cat\/ceip-mitja-costa\/wp-content\/uploads\/usu1458\/2026\/04\/Captura-de-pantalla-de-2026-04-24-16-19-50.png\" alt=\"\" class=\"wp-image-8417\" srcset=\"https:\/\/agora.xtec.cat\/ceip-mitja-costa\/wp-content\/uploads\/usu1458\/2026\/04\/Captura-de-pantalla-de-2026-04-24-16-19-50.png 1082w, https:\/\/agora.xtec.cat\/ceip-mitja-costa\/wp-content\/uploads\/usu1458\/2026\/04\/Captura-de-pantalla-de-2026-04-24-16-19-50-500x319.png 500w, https:\/\/agora.xtec.cat\/ceip-mitja-costa\/wp-content\/uploads\/usu1458\/2026\/04\/Captura-de-pantalla-de-2026-04-24-16-19-50-768x490.png 768w\" sizes=\"auto, (max-width: 1082px) 100vw, 1082px\" \/><\/figure>\n","protected":false},"excerpt":{"rendered":"<p>L\u2019alumnat de sis\u00e8 de la nostra escola est\u00e0 d\u2019enhorabona! Una persona del curs ha estat guardonada amb el tercer premi en el concurs de dibuix \u201cMontcada i Reixac, molts racons per dibuixar\u201d, organitzat per l\u2019Associaci\u00f3 Cultural Montcada. Aquest certamen, adre\u00e7at a l\u2019alumnat de cinqu\u00e8 i sis\u00e8 de prim\u00e0ria, t\u00e9 com a objectiu fomentar la creativitat [&hellip;]<\/p>\n","protected":false},"author":33,"featured_media":8417,"comment_status":"closed","ping_status":"open","sticky":false,"template":"","format":"standard","meta":{"_bbp_topic_count":0,"_bbp_reply_count":0,"_bbp_total_topic_count":0,"_bbp_total_reply_count":0,"_bbp_voice_count":0,"_bbp_anonymous_reply_count":0,"_bbp_topic_count_hidden":0,"_bbp_reply_count_hidden":0,"_bbp_forum_subforum_count":0,"site-sidebar-layout":"default","site-content-layout":"","ast-site-content-layout":"default","site-content-style":"default","site-sidebar-style":"default","ast-global-header-display":"","ast-banner-title-visibility":"","ast-main-header-display":"","ast-hfb-above-header-display":"","ast-hfb-below-header-display":"","ast-hfb-mobile-header-display":"","site-post-title":"","ast-breadcrumbs-content":"","ast-featured-img":"","footer-sml-layout":"","theme-transparent-header-meta":"","adv-header-id-meta":"","stick-header-meta":"","header-above-stick-meta":"","header-main-stick-meta":"","header-below-stick-meta":"","astra-migrate-meta-layouts":"set","ast-page-background-enabled":"default","ast-page-background-meta":{"desktop":{"background-color":"var(--ast-global-color-4)","background-image":"","background-repeat":"repeat","background-position":"center center","background-size":"auto","background-attachment":"scroll","background-type":"","background-media":"","overlay-type":"","overlay-color":"","overlay-opacity":"","overlay-gradient":""},"tablet":{"background-color":"","background-image":"","background-repeat":"repeat","background-position":"center center","background-size":"auto","background-attachment":"scroll","background-type":"","background-media":"","overlay-type":"","overlay-color":"","overlay-opacity":"","overlay-gradient":""},"mobile":{"background-color":"","background-image":"","background-repeat":"repeat","background-position":"center center","background-size":"auto","background-attachment":"scroll","background-type":"","background-media":"","overlay-type":"","overlay-color":"","overlay-opacity":"","overlay-gradient":""}},"ast-content-background-meta":{"desktop":{"background-color":"var(--ast-global-color-5)","background-image":"","background-repeat":"repeat","background-position":"center center","background-size":"auto","background-attachment":"scroll","background-type":"","background-media":"","overlay-type":"","overlay-color":"","overlay-opacity":"","overlay-gradient":""},"tablet":{"background-color":"var(--ast-global-color-5)","background-image":"","background-repeat":"repeat","background-position":"center center","background-size":"auto","background-attachment":"scroll","background-type":"","background-media":"","overlay-type":"","overlay-color":"","overlay-opacity":"","overlay-gradient":""},"mobile":{"background-color":"var(--ast-global-color-5)","background-image":"","background-repeat":"repeat","background-position":"center center","background-size":"auto","background-attachment":"scroll","background-type":"","background-media":"","overlay-type":"","overlay-color":"","overlay-opacity":"","overlay-gradient":""}},"footnotes":""},"categories":[15,4],"tags":[],"class_list":["post-8415","post","type-post","status-publish","format-standard","has-post-thumbnail","hentry","category-6e","category-portada"],"post_mailing_queue_ids":[],"_links":{"self":[{"href":"https:\/\/agora.xtec.cat\/ceip-mitja-costa\/wp-json\/wp\/v2\/posts\/8415","targetHints":{"allow":["GET"]}}],"collection":[{"href":"https:\/\/agora.xtec.cat\/ceip-mitja-costa\/wp-json\/wp\/v2\/posts"}],"about":[{"href":"https:\/\/agora.xtec.cat\/ceip-mitja-costa\/wp-json\/wp\/v2\/types\/post"}],"author":[{"embeddable":true,"href":"https:\/\/agora.xtec.cat\/ceip-mitja-costa\/wp-json\/wp\/v2\/users\/33"}],"replies":[{"embeddable":true,"href":"https:\/\/agora.xtec.cat\/ceip-mitja-costa\/wp-json\/wp\/v2\/comments?post=8415"}],"version-history":[{"count":3,"href":"https:\/\/agora.xtec.cat\/ceip-mitja-costa\/wp-json\/wp\/v2\/posts\/8415\/revisions"}],"predecessor-version":[{"id":8423,"href":"https:\/\/agora.xtec.cat\/ceip-mitja-costa\/wp-json\/wp\/v2\/posts\/8415\/revisions\/8423"}],"wp:featuredmedia":[{"embeddable":true,"href":"https:\/\/agora.xtec.cat\/ceip-mitja-costa\/wp-json\/wp\/v2\/media\/8417"}],"wp:attachment":[{"href":"https:\/\/agora.xtec.cat\/ceip-mitja-costa\/wp-json\/wp\/v2\/media?parent=8415"}],"wp:term":[{"taxonomy":"category","embeddable":true,"href":"https:\/\/agora.xtec.cat\/ceip-mitja-costa\/wp-json\/wp\/v2\/categories?post=8415"},{"taxonomy":"post_tag","embeddable":true,"href":"https:\/\/agora.xtec.cat\/ceip-mitja-costa\/wp-json\/wp\/v2\/tags?post=8415"}],"curies":[{"name":"wp","href":"https:\/\/api.w.org\/{rel}","templated":true}]}}