{"id":8381,"date":"2026-04-07T13:44:27","date_gmt":"2026-04-07T11:44:27","guid":{"rendered":"https:\/\/agora.xtec.cat\/ceip-mitja-costa\/?p=8381"},"modified":"2026-04-07T13:46:08","modified_gmt":"2026-04-07T11:46:08","slug":"el-nostre-arbre-en-flor-un-espectacle-de-primavera-al-pati","status":"publish","type":"post","link":"https:\/\/agora.xtec.cat\/ceip-mitja-costa\/general\/el-nostre-arbre-en-flor-un-espectacle-de-primavera-al-pati\/","title":{"rendered":"El nostre arbre en flor: un espectacle de primavera al pati"},"content":{"rendered":"\n<p>Amb l\u2019arribada de la primavera, el nostre pati s\u2019omple de vida i color gr\u00e0cies a la floraci\u00f3 espectacular del nostre arbre. Enguany, ens ha regalat una imatge especialment bonica: les seves branques s\u2019han cobert de flors rosades, denses i delicades, que transformen completament l\u2019espai.<\/p>\n\n\n\n<p>Aquest tipus d\u2019arbre ornamental \u00e9s conegut per la seva floraci\u00f3 abundant i ef\u00edmera, que sol produir-se durant unes poques setmanes a l\u2019any. Durant aquest temps, es converteix en el protagonista absolut del jard\u00ed, atraient mirades i creant un ambient acollidor i primaveral.<\/p>\n\n\n\n<p>A m\u00e9s del seu valor est\u00e8tic, la floraci\u00f3 tamb\u00e9 \u00e9s un senyal clar del canvi d\u2019estaci\u00f3 i de la renovaci\u00f3 de la natura. \u00c9s un moment ideal per gaudir de l\u2019exterior, observar els petits detalls de les flors i compartir aquest espectacle amb la comunitat.<\/p>\n\n\n\n<p>Des del nostre centre, volem posar en valor aquests petits moments que ens connecten amb l\u2019entorn natural. Us convidem a passar pel pati, contemplar aquest arbre en plena floraci\u00f3 i gaudir d\u2019un instant de calma i bellesa.<\/p>\n\n\n\n<p>La natura ens recorda, un any m\u00e9s, que sempre hi ha espai per tornar a florir.<\/p>\n\n\n\n<div class=\"wp-block-group is-layout-grid wp-container-core-group-is-layout-1 wp-block-group-is-layout-grid\">\n<figure class=\"wp-block-image size-large\"><img loading=\"lazy\" decoding=\"async\" width=\"768\" height=\"1024\" src=\"https:\/\/agora.xtec.cat\/ceip-mitja-costa\/wp-content\/uploads\/usu1458\/2026\/04\/WhatsApp-Image-2026-04-07-at-12.45.30-768x1024.jpeg\" alt=\"\" class=\"wp-image-8382\" srcset=\"https:\/\/agora.xtec.cat\/ceip-mitja-costa\/wp-content\/uploads\/usu1458\/2026\/04\/WhatsApp-Image-2026-04-07-at-12.45.30-768x1024.jpeg 768w, https:\/\/agora.xtec.cat\/ceip-mitja-costa\/wp-content\/uploads\/usu1458\/2026\/04\/WhatsApp-Image-2026-04-07-at-12.45.30-375x500.jpeg 375w, https:\/\/agora.xtec.cat\/ceip-mitja-costa\/wp-content\/uploads\/usu1458\/2026\/04\/WhatsApp-Image-2026-04-07-at-12.45.30-1152x1536.jpeg 1152w, https:\/\/agora.xtec.cat\/ceip-mitja-costa\/wp-content\/uploads\/usu1458\/2026\/04\/WhatsApp-Image-2026-04-07-at-12.45.30-1536x2048.jpeg 1536w, https:\/\/agora.xtec.cat\/ceip-mitja-costa\/wp-content\/uploads\/usu1458\/2026\/04\/WhatsApp-Image-2026-04-07-at-12.45.30-scaled.jpeg 1920w\" sizes=\"auto, (max-width: 768px) 100vw, 768px\" \/><\/figure>\n\n\n\n<figure class=\"wp-block-image size-large\"><img loading=\"lazy\" decoding=\"async\" width=\"768\" height=\"1024\" src=\"https:\/\/agora.xtec.cat\/ceip-mitja-costa\/wp-content\/uploads\/usu1458\/2026\/04\/WhatsApp-Image-2026-04-07-at-12.45.44-768x1024.jpeg\" alt=\"\" class=\"wp-image-8383\" srcset=\"https:\/\/agora.xtec.cat\/ceip-mitja-costa\/wp-content\/uploads\/usu1458\/2026\/04\/WhatsApp-Image-2026-04-07-at-12.45.44-768x1024.jpeg 768w, https:\/\/agora.xtec.cat\/ceip-mitja-costa\/wp-content\/uploads\/usu1458\/2026\/04\/WhatsApp-Image-2026-04-07-at-12.45.44-375x500.jpeg 375w, https:\/\/agora.xtec.cat\/ceip-mitja-costa\/wp-content\/uploads\/usu1458\/2026\/04\/WhatsApp-Image-2026-04-07-at-12.45.44-1152x1536.jpeg 1152w, https:\/\/agora.xtec.cat\/ceip-mitja-costa\/wp-content\/uploads\/usu1458\/2026\/04\/WhatsApp-Image-2026-04-07-at-12.45.44-1536x2048.jpeg 1536w, https:\/\/agora.xtec.cat\/ceip-mitja-costa\/wp-content\/uploads\/usu1458\/2026\/04\/WhatsApp-Image-2026-04-07-at-12.45.44-scaled.jpeg 1920w\" sizes=\"auto, (max-width: 768px) 100vw, 768px\" \/><\/figure>\n<\/div>\n","protected":false},"excerpt":{"rendered":"<p>Amb l\u2019arribada de la primavera, el nostre pati s\u2019omple de vida i color gr\u00e0cies a la floraci\u00f3 espectacular del nostre arbre. Enguany, ens ha regalat una imatge especialment bonica: les seves branques s\u2019han cobert de flors rosades, denses i delicades, que transformen completament l\u2019espai. Aquest tipus d\u2019arbre ornamental \u00e9s conegut per la seva floraci\u00f3 abundant [&hellip;]<\/p>\n","protected":false},"author":33,"featured_media":8383,"comment_status":"closed","ping_status":"open","sticky":false,"template":"","format":"standard","meta":{"_bbp_topic_count":0,"_bbp_reply_count":0,"_bbp_total_topic_count":0,"_bbp_total_reply_count":0,"_bbp_voice_count":0,"_bbp_anonymous_reply_count":0,"_bbp_topic_count_hidden":0,"_bbp_reply_count_hidden":0,"_bbp_forum_subforum_count":0,"site-sidebar-layout":"default","site-content-layout":"","ast-site-content-layout":"default","site-content-style":"default","site-sidebar-style":"default","ast-global-header-display":"","ast-banner-title-visibility":"","ast-main-header-display":"","ast-hfb-above-header-display":"","ast-hfb-below-header-display":"","ast-hfb-mobile-header-display":"","site-post-title":"","ast-breadcrumbs-content":"","ast-featured-img":"","footer-sml-layout":"","theme-transparent-header-meta":"","adv-header-id-meta":"","stick-header-meta":"","header-above-stick-meta":"","header-main-stick-meta":"","header-below-stick-meta":"","astra-migrate-meta-layouts":"set","ast-page-background-enabled":"default","ast-page-background-meta":{"desktop":{"background-color":"var(--ast-global-color-4)","background-image":"","background-repeat":"repeat","background-position":"center center","background-size":"auto","background-attachment":"scroll","background-type":"","background-media":"","overlay-type":"","overlay-color":"","overlay-opacity":"","overlay-gradient":""},"tablet":{"background-color":"","background-image":"","background-repeat":"repeat","background-position":"center center","background-size":"auto","background-attachment":"scroll","background-type":"","background-media":"","overlay-type":"","overlay-color":"","overlay-opacity":"","overlay-gradient":""},"mobile":{"background-color":"","background-image":"","background-repeat":"repeat","background-position":"center center","background-size":"auto","background-attachment":"scroll","background-type":"","background-media":"","overlay-type":"","overlay-color":"","overlay-opacity":"","overlay-gradient":""}},"ast-content-background-meta":{"desktop":{"background-color":"var(--ast-global-color-5)","background-image":"","background-repeat":"repeat","background-position":"center center","background-size":"auto","background-attachment":"scroll","background-type":"","background-media":"","overlay-type":"","overlay-color":"","overlay-opacity":"","overlay-gradient":""},"tablet":{"background-color":"var(--ast-global-color-5)","background-image":"","background-repeat":"repeat","background-position":"center center","background-size":"auto","background-attachment":"scroll","background-type":"","background-media":"","overlay-type":"","overlay-color":"","overlay-opacity":"","overlay-gradient":""},"mobile":{"background-color":"var(--ast-global-color-5)","background-image":"","background-repeat":"repeat","background-position":"center center","background-size":"auto","background-attachment":"scroll","background-type":"","background-media":"","overlay-type":"","overlay-color":"","overlay-opacity":"","overlay-gradient":""}},"footnotes":""},"categories":[1,4],"tags":[],"class_list":["post-8381","post","type-post","status-publish","format-standard","has-post-thumbnail","hentry","category-general","category-portada"],"post_mailing_queue_ids":[],"_links":{"self":[{"href":"https:\/\/agora.xtec.cat\/ceip-mitja-costa\/wp-json\/wp\/v2\/posts\/8381","targetHints":{"allow":["GET"]}}],"collection":[{"href":"https:\/\/agora.xtec.cat\/ceip-mitja-costa\/wp-json\/wp\/v2\/posts"}],"about":[{"href":"https:\/\/agora.xtec.cat\/ceip-mitja-costa\/wp-json\/wp\/v2\/types\/post"}],"author":[{"embeddable":true,"href":"https:\/\/agora.xtec.cat\/ceip-mitja-costa\/wp-json\/wp\/v2\/users\/33"}],"replies":[{"embeddable":true,"href":"https:\/\/agora.xtec.cat\/ceip-mitja-costa\/wp-json\/wp\/v2\/comments?post=8381"}],"version-history":[{"count":1,"href":"https:\/\/agora.xtec.cat\/ceip-mitja-costa\/wp-json\/wp\/v2\/posts\/8381\/revisions"}],"predecessor-version":[{"id":8384,"href":"https:\/\/agora.xtec.cat\/ceip-mitja-costa\/wp-json\/wp\/v2\/posts\/8381\/revisions\/8384"}],"wp:featuredmedia":[{"embeddable":true,"href":"https:\/\/agora.xtec.cat\/ceip-mitja-costa\/wp-json\/wp\/v2\/media\/8383"}],"wp:attachment":[{"href":"https:\/\/agora.xtec.cat\/ceip-mitja-costa\/wp-json\/wp\/v2\/media?parent=8381"}],"wp:term":[{"taxonomy":"category","embeddable":true,"href":"https:\/\/agora.xtec.cat\/ceip-mitja-costa\/wp-json\/wp\/v2\/categories?post=8381"},{"taxonomy":"post_tag","embeddable":true,"href":"https:\/\/agora.xtec.cat\/ceip-mitja-costa\/wp-json\/wp\/v2\/tags?post=8381"}],"curies":[{"name":"wp","href":"https:\/\/api.w.org\/{rel}","templated":true}]}}