{"id":1607,"date":"2017-11-22T13:24:32","date_gmt":"2017-11-22T12:24:32","guid":{"rendered":"http:\/\/agora.xtec.cat\/ceip-mitja-costa\/?p=1607"},"modified":"2017-11-22T20:56:41","modified_gmt":"2017-11-22T19:56:41","slug":"sessio-de-musica-a-lescola-bressol","status":"publish","type":"post","link":"https:\/\/agora.xtec.cat\/ceip-mitja-costa\/infantil\/i-3\/sessio-de-musica-a-lescola-bressol\/","title":{"rendered":"Sessi\u00f3 de m\u00fasica a l&#8217;escola bressol"},"content":{"rendered":"<p>Aprofitant que era Santa Cec\u00edlia, patrona de la m\u00fasica, hem anat a l&#8217;escola bressol i hem compartit una activitat musical amb ells. Amb mocadors, titelles i maraques casolanes hem pogut gaudir de diferents can\u00e7ons.<\/p>\n<p>Ens ho hem passat molt b\u00e9 i els nens i les nenes que el curs passat anaven a aquesta escola han pogut retrobar-se amb les seves mestres i companys\/es.<\/p>\n<p><a href=\"https:\/\/photos.app.goo.gl\/MTHS0QEbTFwySO0l1\"><img decoding=\"async\" src=\"https:\/\/lh3.googleusercontent.com\/iWgkIkESFTzZmgFRRqdmlXnSX1A3bjbWQDtn82VdJK7XiDyLv6cwOcPtORRrBoNTgkLciho-cf5mPLLKcadtOjY5t4kwkTX3YBJCMmv2cjf-d9i7RTjhThqDtmX9ormMM4oWkfdSVneY_mQOkYFeTOlT-M8M6Vt_9EPPxkIz8c4AZXlcHYLwbD1vFFsgFBTI6olXo8ACm-HOXSCBtEWhJ37cvHPFEBtHhXRfFx3ORnYm9MdICyvNxQKe7iEfs9jCbF3vm6rSw_bAg-54IBvmqzLybjTLAQREkzKYm-uSQOYTIXeoulbLtFWbvUHwUsKJ05sqtbw7SOAxOqIQ_rXFZDIpYI9vS67YelvsCThyJJibCQoalEpEYPD9Xu3iKuEfyNNUrPJkmOwFXzE8Mde56J_04n1Ffv4xZIDDu1EXdd8InWI73mqOM8Dy0wrNNkhC61CECuU67ON9694KmKuLqxudlGaKngDbLnXOh1bes1dKwUUapp9F21dTShyTlsr5bAZIbDXimYkz60hex1dioC_NLdyTSXMzR9y-CY08KiYK9jlKO7_AbKQ3KlVviN1FJNs7BGS1QzH_g_d9ko1IcuPgYpVMH88UvHt4IpBvEw=w1024-h578-no\" \/><\/a><\/p>\n","protected":false},"excerpt":{"rendered":"<p>Aprofitant que era Santa Cec\u00edlia, patrona de la m\u00fasica, hem anat a l&#8217;escola bressol i hem compartit una activitat musical amb ells. Amb mocadors, titelles i maraques casolanes hem pogut gaudir de diferents can\u00e7ons. Ens ho hem passat molt b\u00e9 i els nens i les nenes que el curs passat anaven a aquesta escola han [&hellip;]<\/p>\n","protected":false},"author":1,"featured_media":0,"comment_status":"open","ping_status":"closed","sticky":false,"template":"","format":"standard","meta":{"_bbp_topic_count":0,"_bbp_reply_count":0,"_bbp_total_topic_count":0,"_bbp_total_reply_count":0,"_bbp_voice_count":0,"_bbp_anonymous_reply_count":0,"_bbp_topic_count_hidden":0,"_bbp_reply_count_hidden":0,"_bbp_forum_subforum_count":0,"site-sidebar-layout":"default","site-content-layout":"","ast-site-content-layout":"","site-content-style":"default","site-sidebar-style":"default","ast-global-header-display":"","ast-banner-title-visibility":"","ast-main-header-display":"","ast-hfb-above-header-display":"","ast-hfb-below-header-display":"","ast-hfb-mobile-header-display":"","site-post-title":"","ast-breadcrumbs-content":"","ast-featured-img":"","footer-sml-layout":"","theme-transparent-header-meta":"","adv-header-id-meta":"","stick-header-meta":"","header-above-stick-meta":"","header-main-stick-meta":"","header-below-stick-meta":"","astra-migrate-meta-layouts":"default","ast-page-background-enabled":"default","ast-page-background-meta":{"desktop":{"background-color":"var(--ast-global-color-4)","background-image":"","background-repeat":"repeat","background-position":"center center","background-size":"auto","background-attachment":"scroll","background-type":"","background-media":"","overlay-type":"","overlay-color":"","overlay-opacity":"","overlay-gradient":""},"tablet":{"background-color":"","background-image":"","background-repeat":"repeat","background-position":"center center","background-size":"auto","background-attachment":"scroll","background-type":"","background-media":"","overlay-type":"","overlay-color":"","overlay-opacity":"","overlay-gradient":""},"mobile":{"background-color":"","background-image":"","background-repeat":"repeat","background-position":"center center","background-size":"auto","background-attachment":"scroll","background-type":"","background-media":"","overlay-type":"","overlay-color":"","overlay-opacity":"","overlay-gradient":""}},"ast-content-background-meta":{"desktop":{"background-color":"var(--ast-global-color-5)","background-image":"","background-repeat":"repeat","background-position":"center center","background-size":"auto","background-attachment":"scroll","background-type":"","background-media":"","overlay-type":"","overlay-color":"","overlay-opacity":"","overlay-gradient":""},"tablet":{"background-color":"var(--ast-global-color-5)","background-image":"","background-repeat":"repeat","background-position":"center center","background-size":"auto","background-attachment":"scroll","background-type":"","background-media":"","overlay-type":"","overlay-color":"","overlay-opacity":"","overlay-gradient":""},"mobile":{"background-color":"var(--ast-global-color-5)","background-image":"","background-repeat":"repeat","background-position":"center center","background-size":"auto","background-attachment":"scroll","background-type":"","background-media":"","overlay-type":"","overlay-color":"","overlay-opacity":"","overlay-gradient":""}},"footnotes":""},"categories":[3,4],"tags":[82,116,16],"class_list":["post-1607","post","type-post","status-publish","format-standard","hentry","category-i-3","category-portada","tag-musica","tag-p3","tag-sortides"],"post_mailing_queue_ids":[],"_links":{"self":[{"href":"https:\/\/agora.xtec.cat\/ceip-mitja-costa\/wp-json\/wp\/v2\/posts\/1607","targetHints":{"allow":["GET"]}}],"collection":[{"href":"https:\/\/agora.xtec.cat\/ceip-mitja-costa\/wp-json\/wp\/v2\/posts"}],"about":[{"href":"https:\/\/agora.xtec.cat\/ceip-mitja-costa\/wp-json\/wp\/v2\/types\/post"}],"author":[{"embeddable":true,"href":"https:\/\/agora.xtec.cat\/ceip-mitja-costa\/wp-json\/wp\/v2\/users\/1"}],"replies":[{"embeddable":true,"href":"https:\/\/agora.xtec.cat\/ceip-mitja-costa\/wp-json\/wp\/v2\/comments?post=1607"}],"version-history":[{"count":1,"href":"https:\/\/agora.xtec.cat\/ceip-mitja-costa\/wp-json\/wp\/v2\/posts\/1607\/revisions"}],"predecessor-version":[{"id":1608,"href":"https:\/\/agora.xtec.cat\/ceip-mitja-costa\/wp-json\/wp\/v2\/posts\/1607\/revisions\/1608"}],"wp:attachment":[{"href":"https:\/\/agora.xtec.cat\/ceip-mitja-costa\/wp-json\/wp\/v2\/media?parent=1607"}],"wp:term":[{"taxonomy":"category","embeddable":true,"href":"https:\/\/agora.xtec.cat\/ceip-mitja-costa\/wp-json\/wp\/v2\/categories?post=1607"},{"taxonomy":"post_tag","embeddable":true,"href":"https:\/\/agora.xtec.cat\/ceip-mitja-costa\/wp-json\/wp\/v2\/tags?post=1607"}],"curies":[{"name":"wp","href":"https:\/\/api.w.org\/{rel}","templated":true}]}}