{"id":9142,"date":"2023-05-04T07:47:12","date_gmt":"2023-05-04T05:47:12","guid":{"rendered":"https:\/\/agora.xtec.cat\/ceip-miquelmartipol-viladecans\/?p=9142"},"modified":"2023-05-04T07:48:34","modified_gmt":"2023-05-04T05:48:34","slug":"jornada-de-beisbol-%e2%9a%be","status":"publish","type":"post","link":"https:\/\/agora.xtec.cat\/ceip-miquelmartipol-viladecans\/educacio-fisica\/jornada-de-beisbol-%e2%9a%be\/","title":{"rendered":"JORNADA DE BEISBOL \u26be"},"content":{"rendered":"<p style=\"text-align: justify;\">Dijous passat, l&#8217;alumnat de 3r vam poder posar en pr\u00e0ctica tot el que hem apr\u00e8s de Beisbol i ho vam fer com aut\u00e8ntics professionals, ja que vam jugar al camp de beisbol de Viladecans!<\/p>\n<p style=\"text-align: justify;\">Primer va tocar escalfar una mica, fent alguns exercicis de bateig amb el pal de beisbol i alguns exercicis de recepci\u00f3 de la pilota amb el guant de beisbol. Despr\u00e9s d\u2019aquest escalfament, comencem els partits! Vam passar una bona estona jugant entre nosaltres i es que ja dominem el joc a la perfecci\u00f3: no vam parar de colpejar la pilota fent alguns llan\u00e7aments ben espectaculars, c\u00f3rrer al m\u00e0xim per aconseguir totes les carreres possibles, sense de vista la pilota ni un segon i fer-la arribar a la base r\u00e0pidament. Ens vam divertir molt\u00edssim!!!<\/p>\n<p style=\"text-align: justify;\">A continuaci\u00f3, teniu algunes <a style=\"font-family: inherit; font-size: 1em;\" href=\"https:\/\/drive.google.com\/drive\/folders\/1ztJMbGkGM9PIqBaLzh_58PYPU_mDlrEr\" target=\"_blank\" rel=\"noopener\">FOTOGRAFIES<\/a><span style=\"font-family: inherit; font-size: 1em;\"> de la jornada.<\/span><\/p>\n","protected":false},"excerpt":{"rendered":"<p>Dijous passat, l&#8217;alumnat de 3r vam poder posar en pr\u00e0ctica tot el que hem apr\u00e8s de Beisbol i ho vam fer com aut\u00e8ntics professionals, ja que vam jugar al camp de beisbol de Viladecans!<br \/>\nPrimer va tocar escalfar una mica, fent alguns exercicis de bateig amb&hellip;  <a href=\"https:\/\/agora.xtec.cat\/ceip-miquelmartipol-viladecans\/educacio-fisica\/jornada-de-beisbol-%e2%9a%be\/\" title=\"Read JORNADA DE BEISBOL \u26be\">Llegeix m\u00e9s\u00bb<\/a><\/p>\n","protected":false},"author":3,"featured_media":0,"comment_status":"open","ping_status":"closed","sticky":false,"template":"","format":"standard","meta":{"_bbp_topic_count":0,"_bbp_reply_count":0,"_bbp_total_topic_count":0,"_bbp_total_reply_count":0,"_bbp_voice_count":0,"_bbp_anonymous_reply_count":0,"_bbp_topic_count_hidden":0,"_bbp_reply_count_hidden":0,"_bbp_forum_subforum_count":0,"footnotes":""},"categories":[94],"tags":[125,118,108,208],"class_list":["post-9142","post","type-post","status-publish","format-standard","hentry","category-educacio-fisica","tag-beisbol","tag-cicle-mitja","tag-educacio-fisica","tag-tercer"],"post_mailing_queue_ids":[],"_links":{"self":[{"href":"https:\/\/agora.xtec.cat\/ceip-miquelmartipol-viladecans\/wp-json\/wp\/v2\/posts\/9142","targetHints":{"allow":["GET"]}}],"collection":[{"href":"https:\/\/agora.xtec.cat\/ceip-miquelmartipol-viladecans\/wp-json\/wp\/v2\/posts"}],"about":[{"href":"https:\/\/agora.xtec.cat\/ceip-miquelmartipol-viladecans\/wp-json\/wp\/v2\/types\/post"}],"author":[{"embeddable":true,"href":"https:\/\/agora.xtec.cat\/ceip-miquelmartipol-viladecans\/wp-json\/wp\/v2\/users\/3"}],"replies":[{"embeddable":true,"href":"https:\/\/agora.xtec.cat\/ceip-miquelmartipol-viladecans\/wp-json\/wp\/v2\/comments?post=9142"}],"version-history":[{"count":2,"href":"https:\/\/agora.xtec.cat\/ceip-miquelmartipol-viladecans\/wp-json\/wp\/v2\/posts\/9142\/revisions"}],"predecessor-version":[{"id":9144,"href":"https:\/\/agora.xtec.cat\/ceip-miquelmartipol-viladecans\/wp-json\/wp\/v2\/posts\/9142\/revisions\/9144"}],"wp:attachment":[{"href":"https:\/\/agora.xtec.cat\/ceip-miquelmartipol-viladecans\/wp-json\/wp\/v2\/media?parent=9142"}],"wp:term":[{"taxonomy":"category","embeddable":true,"href":"https:\/\/agora.xtec.cat\/ceip-miquelmartipol-viladecans\/wp-json\/wp\/v2\/categories?post=9142"},{"taxonomy":"post_tag","embeddable":true,"href":"https:\/\/agora.xtec.cat\/ceip-miquelmartipol-viladecans\/wp-json\/wp\/v2\/tags?post=9142"}],"curies":[{"name":"wp","href":"https:\/\/api.w.org\/{rel}","templated":true}]}}