{"id":8352,"date":"2022-09-05T08:30:07","date_gmt":"2022-09-05T06:30:07","guid":{"rendered":"https:\/\/agora.xtec.cat\/ceip-miquelmartipol-viladecans\/?p=8352"},"modified":"2022-09-05T12:35:14","modified_gmt":"2022-09-05T10:35:14","slug":"novetats-curs-escolar-2022-2023","status":"publish","type":"post","link":"https:\/\/agora.xtec.cat\/ceip-miquelmartipol-viladecans\/general\/novetats-curs-escolar-2022-2023\/","title":{"rendered":"Novetats Curs Escolar 2022-2023"},"content":{"rendered":"<p style=\"text-align: justify;\"><img loading=\"lazy\" decoding=\"async\" class=\" wp-image-8355 alignleft\" src=\"https:\/\/agora.xtec.cat\/ceip-miquelmartipol-viladecans\/wp-content\/uploads\/usu1500\/2022\/09\/Captura-2.png\" alt=\"\" width=\"310\" height=\"329\" srcset=\"https:\/\/agora.xtec.cat\/ceip-miquelmartipol-viladecans\/wp-content\/uploads\/usu1500\/2022\/09\/Captura-2.png 447w, https:\/\/agora.xtec.cat\/ceip-miquelmartipol-viladecans\/wp-content\/uploads\/usu1500\/2022\/09\/Captura-2-284x300.png 284w\" sizes=\"auto, (max-width: 310px) 100vw, 310px\" \/><strong>Donem la benvinguda al nou curs amb algunes novetats:<\/strong><\/p>\n<p style=\"text-align: justify;\"><b>\ud83d\udce2 <\/b><span style=\"color: #000000;\">Durant tot el mes de setembre, l&#8217;alumnat far\u00e0 jornada redu\u00efda, de 09:00h a 13:00h.<\/span><\/p>\n<p style=\"text-align: justify;\"><span style=\"color: #000000;\">\ud83d\udce2 A la tarda, de 15:30h a 16:30h els infants podran quedar-se a l&#8217;escola en l&#8217;horari habitual fent activitats que no suposaran cap cost extra per a les fam\u00edlies.<\/span><\/p>\n<p style=\"text-align: justify;\"><span style=\"color: #000000;\">\ud83d\udce2\u00a0 Aquest curs hi haur\u00e0 menys alumnes a les aules d&#8217;I3. La r\u00e0tio baixa de 25 a 20 alumnes.\u00a0<\/span><\/p>\n<p style=\"text-align: justify;\"><span style=\"color: #000000;\">\ud83d\udce2\u00a0 Comen\u00e7arem a desplegar els nous curr\u00edculums educatius d&#8217;infantil i prim\u00e0ria.<\/span><\/p>\n<p style=\"text-align: justify;\"><span style=\"color: #000000;\">\ud83d\udce2\u00a0Despr\u00e9s de la retirada de la mascareta als patis, el\u00a0final de les quarantenes i l&#8217;eliminaci\u00f3 dels grups bombolla, l&#8217;\u00fanica mesura contra la covid que continuar\u00e0 vigent \u00e9s l&#8217;obligatorietat de\u00a0portar mascareta en el transport escolar, com passa en tot el transport p\u00fablic.<\/span><\/p>\n<p style=\"text-align: left;\">L&#8217;equip de professionals de l&#8217;escola Miquel Mart\u00ed i Pol us desitja un curs 2022-2023 ple d&#8217;aprenentatges per a tota la vida.<\/p>\n<p>&nbsp;<\/p>\n","protected":false},"excerpt":{"rendered":"<p>Donem la benvinguda al nou curs amb algunes novetats:<br \/>\n\ud83d\udce2 Durant tot el mes de setembre, l&#8217;alumnat far\u00e0 jornada redu\u00efda, de 09:00h a 13:00h.<br \/>\n\ud83d\udce2 A la tarda, de 15:30h a 16:30h els infants podran quedar-se a l&#8217;escola en l&#8217;horari habitual fent activitats que no suposaran cap&hellip;  <a href=\"https:\/\/agora.xtec.cat\/ceip-miquelmartipol-viladecans\/general\/novetats-curs-escolar-2022-2023\/\" title=\"Read Novetats Curs Escolar 2022-2023\">Llegeix m\u00e9s\u00bb<\/a><\/p>\n","protected":false},"author":1,"featured_media":0,"comment_status":"open","ping_status":"closed","sticky":false,"template":"","format":"standard","meta":{"_bbp_topic_count":0,"_bbp_reply_count":0,"_bbp_total_topic_count":0,"_bbp_total_reply_count":0,"_bbp_voice_count":0,"_bbp_anonymous_reply_count":0,"_bbp_topic_count_hidden":0,"_bbp_reply_count_hidden":0,"_bbp_forum_subforum_count":0,"footnotes":""},"categories":[1],"tags":[],"class_list":["post-8352","post","type-post","status-publish","format-standard","hentry","category-general"],"post_mailing_queue_ids":[],"_links":{"self":[{"href":"https:\/\/agora.xtec.cat\/ceip-miquelmartipol-viladecans\/wp-json\/wp\/v2\/posts\/8352","targetHints":{"allow":["GET"]}}],"collection":[{"href":"https:\/\/agora.xtec.cat\/ceip-miquelmartipol-viladecans\/wp-json\/wp\/v2\/posts"}],"about":[{"href":"https:\/\/agora.xtec.cat\/ceip-miquelmartipol-viladecans\/wp-json\/wp\/v2\/types\/post"}],"author":[{"embeddable":true,"href":"https:\/\/agora.xtec.cat\/ceip-miquelmartipol-viladecans\/wp-json\/wp\/v2\/users\/1"}],"replies":[{"embeddable":true,"href":"https:\/\/agora.xtec.cat\/ceip-miquelmartipol-viladecans\/wp-json\/wp\/v2\/comments?post=8352"}],"version-history":[{"count":3,"href":"https:\/\/agora.xtec.cat\/ceip-miquelmartipol-viladecans\/wp-json\/wp\/v2\/posts\/8352\/revisions"}],"predecessor-version":[{"id":8364,"href":"https:\/\/agora.xtec.cat\/ceip-miquelmartipol-viladecans\/wp-json\/wp\/v2\/posts\/8352\/revisions\/8364"}],"wp:attachment":[{"href":"https:\/\/agora.xtec.cat\/ceip-miquelmartipol-viladecans\/wp-json\/wp\/v2\/media?parent=8352"}],"wp:term":[{"taxonomy":"category","embeddable":true,"href":"https:\/\/agora.xtec.cat\/ceip-miquelmartipol-viladecans\/wp-json\/wp\/v2\/categories?post=8352"},{"taxonomy":"post_tag","embeddable":true,"href":"https:\/\/agora.xtec.cat\/ceip-miquelmartipol-viladecans\/wp-json\/wp\/v2\/tags?post=8352"}],"curies":[{"name":"wp","href":"https:\/\/api.w.org\/{rel}","templated":true}]}}