{"id":8074,"date":"2022-04-29T11:24:00","date_gmt":"2022-04-29T09:24:00","guid":{"rendered":"https:\/\/agora.xtec.cat\/ceip-miquelmartipol-viladecans\/?p=8074"},"modified":"2022-04-29T11:58:58","modified_gmt":"2022-04-29T09:58:58","slug":"treballant-de-valent-a-la-jardineria","status":"publish","type":"post","link":"https:\/\/agora.xtec.cat\/ceip-miquelmartipol-viladecans\/general\/treballant-de-valent-a-la-jardineria\/","title":{"rendered":"Treballant de valent a la jardineria!"},"content":{"rendered":"<p style=\"text-align: justify;\"><img loading=\"lazy\" decoding=\"async\" class=\"wp-image-8076 alignleft\" src=\"https:\/\/agora.xtec.cat\/ceip-miquelmartipol-viladecans\/wp-content\/uploads\/usu1500\/2022\/04\/Captura-1.jpg\" alt=\"\" width=\"315\" height=\"174\" srcset=\"https:\/\/agora.xtec.cat\/ceip-miquelmartipol-viladecans\/wp-content\/uploads\/usu1500\/2022\/04\/Captura-1.jpg 962w, https:\/\/agora.xtec.cat\/ceip-miquelmartipol-viladecans\/wp-content\/uploads\/usu1500\/2022\/04\/Captura-1-300x165.jpg 300w, https:\/\/agora.xtec.cat\/ceip-miquelmartipol-viladecans\/wp-content\/uploads\/usu1500\/2022\/04\/Captura-1-768x423.jpg 768w\" sizes=\"auto, (max-width: 315px) 100vw, 315px\" \/><\/p>\n<p>&nbsp;<\/p>\n<p style=\"text-align: justify;\">HA ARRIBAT EL GRAN DIA\u2026\u00a0 HEM ANAT D\u2019EXCURSI\u00d3 AL GARDEN BORDAS DE GAV\u00c0. ALL\u00c0 HEM POGUT\u00a0 FER DE PAGESOS I PAGESES I TAMB\u00c9 DE JARDINERS I JARDINERES.<\/p>\n<p>&nbsp;<\/p>\n<p style=\"text-align: justify;\"><img loading=\"lazy\" decoding=\"async\" class=\"wp-image-8077 alignright\" src=\"https:\/\/agora.xtec.cat\/ceip-miquelmartipol-viladecans\/wp-content\/uploads\/usu1500\/2022\/04\/Captura-2.jpg\" alt=\"\" width=\"261\" height=\"195\" srcset=\"https:\/\/agora.xtec.cat\/ceip-miquelmartipol-viladecans\/wp-content\/uploads\/usu1500\/2022\/04\/Captura-2.jpg 705w, https:\/\/agora.xtec.cat\/ceip-miquelmartipol-viladecans\/wp-content\/uploads\/usu1500\/2022\/04\/Captura-2-300x224.jpg 300w, https:\/\/agora.xtec.cat\/ceip-miquelmartipol-viladecans\/wp-content\/uploads\/usu1500\/2022\/04\/Captura-2-200x150.jpg 200w\" sizes=\"auto, (max-width: 261px) 100vw, 261px\" \/><\/p>\n<p style=\"text-align: justify;\">DESPR\u00c9S DE FER MOLT B\u00c9 LA NOSTRA FEINA: PLANTAR UNA PLANTA, REGAR L\u2019 HORT, PERDRE\u2019NS PER UN LABERINT\u2026HEM POGUT\u00a0 GAUDIR D\u2019 UN ESTONA AL PARC. UN PARC MOLT GRAN I QUE ENS HA\u00a0 AGRADAT MOLT\u00cdSSIM. <a href=\"https:\/\/blocs.xtec.cat\/mmpviladecanseducacioinfantil\/p3\/\" target=\"_blank\" rel=\"noopener\"><strong>LLEGEIX M\u00c9S&gt;&gt;<\/strong><\/a><\/p>\n","protected":false},"excerpt":{"rendered":"<p>&nbsp;<br \/>\nHA ARRIBAT EL GRAN DIA\u2026\u00a0 HEM ANAT D\u2019EXCURSI\u00d3 AL GARDEN BORDAS DE GAV\u00c0. ALL\u00c0 HEM POGUT\u00a0 FER DE PAGESOS I PAGESES I TAMB\u00c9 DE JARDINERS I JARDINERES.<br \/>\n&nbsp;<\/p>\n<p>DESPR\u00c9S DE FER MOLT B\u00c9 LA NOSTRA FEINA: PLANTAR UNA PLANTA, REGAR L\u2019 HORT, PERDRE\u2019NS PER UN LABERINT\u2026HEM POGUT\u00a0&hellip;  <a href=\"https:\/\/agora.xtec.cat\/ceip-miquelmartipol-viladecans\/general\/treballant-de-valent-a-la-jardineria\/\" title=\"Read Treballant de valent a la jardineria!\">Llegeix m\u00e9s\u00bb<\/a><\/p>\n","protected":false},"author":1,"featured_media":8075,"comment_status":"open","ping_status":"closed","sticky":false,"template":"","format":"standard","meta":{"_bbp_topic_count":0,"_bbp_reply_count":0,"_bbp_total_topic_count":0,"_bbp_total_reply_count":0,"_bbp_voice_count":0,"_bbp_anonymous_reply_count":0,"_bbp_topic_count_hidden":0,"_bbp_reply_count_hidden":0,"_bbp_forum_subforum_count":0,"footnotes":""},"categories":[1,132],"tags":[100,16],"class_list":["post-8074","post","type-post","status-publish","format-standard","has-post-thumbnail","hentry","category-general","category-p4","tag-projectes-escola","tag-sortides"],"post_mailing_queue_ids":[],"_links":{"self":[{"href":"https:\/\/agora.xtec.cat\/ceip-miquelmartipol-viladecans\/wp-json\/wp\/v2\/posts\/8074","targetHints":{"allow":["GET"]}}],"collection":[{"href":"https:\/\/agora.xtec.cat\/ceip-miquelmartipol-viladecans\/wp-json\/wp\/v2\/posts"}],"about":[{"href":"https:\/\/agora.xtec.cat\/ceip-miquelmartipol-viladecans\/wp-json\/wp\/v2\/types\/post"}],"author":[{"embeddable":true,"href":"https:\/\/agora.xtec.cat\/ceip-miquelmartipol-viladecans\/wp-json\/wp\/v2\/users\/1"}],"replies":[{"embeddable":true,"href":"https:\/\/agora.xtec.cat\/ceip-miquelmartipol-viladecans\/wp-json\/wp\/v2\/comments?post=8074"}],"version-history":[{"count":3,"href":"https:\/\/agora.xtec.cat\/ceip-miquelmartipol-viladecans\/wp-json\/wp\/v2\/posts\/8074\/revisions"}],"predecessor-version":[{"id":8093,"href":"https:\/\/agora.xtec.cat\/ceip-miquelmartipol-viladecans\/wp-json\/wp\/v2\/posts\/8074\/revisions\/8093"}],"wp:featuredmedia":[{"embeddable":true,"href":"https:\/\/agora.xtec.cat\/ceip-miquelmartipol-viladecans\/wp-json\/wp\/v2\/media\/8075"}],"wp:attachment":[{"href":"https:\/\/agora.xtec.cat\/ceip-miquelmartipol-viladecans\/wp-json\/wp\/v2\/media?parent=8074"}],"wp:term":[{"taxonomy":"category","embeddable":true,"href":"https:\/\/agora.xtec.cat\/ceip-miquelmartipol-viladecans\/wp-json\/wp\/v2\/categories?post=8074"},{"taxonomy":"post_tag","embeddable":true,"href":"https:\/\/agora.xtec.cat\/ceip-miquelmartipol-viladecans\/wp-json\/wp\/v2\/tags?post=8074"}],"curies":[{"name":"wp","href":"https:\/\/api.w.org\/{rel}","templated":true}]}}