{"id":7147,"date":"2021-06-04T09:59:16","date_gmt":"2021-06-04T07:59:16","guid":{"rendered":"http:\/\/agora.xtec.cat\/ceip-miquelmartipol-viladecans\/?p=7147"},"modified":"2021-06-04T10:02:31","modified_gmt":"2021-06-04T08:02:31","slug":"sortida-pels-boscos-de-mas-rates-i-can-trius","status":"publish","type":"post","link":"https:\/\/agora.xtec.cat\/ceip-miquelmartipol-viladecans\/general\/sortida-pels-boscos-de-mas-rates-i-can-trius\/","title":{"rendered":"Sortida pels boscos de Mas Rat\u00e9s i Can Trius."},"content":{"rendered":"<p><img loading=\"lazy\" decoding=\"async\" class=\"wp-image-7148 alignleft\" src=\"https:\/\/agora.xtec.cat\/ceip-miquelmartipol-viladecans\/wp-content\/uploads\/usu1500\/2021\/06\/Captura.png\" alt=\"\" width=\"306\" height=\"187\" srcset=\"https:\/\/agora.xtec.cat\/ceip-miquelmartipol-viladecans\/wp-content\/uploads\/usu1500\/2021\/06\/Captura.png 922w, https:\/\/agora.xtec.cat\/ceip-miquelmartipol-viladecans\/wp-content\/uploads\/usu1500\/2021\/06\/Captura-300x184.png 300w, https:\/\/agora.xtec.cat\/ceip-miquelmartipol-viladecans\/wp-content\/uploads\/usu1500\/2021\/06\/Captura-768x470.png 768w\" sizes=\"auto, (max-width: 306px) 100vw, 306px\" \/>L\u2019alumnat de 3r ha gaudit de l\u2019\u00faltima sortida pedag\u00f2gica d\u2019aquest curs. Es tracta d\u2019un itinerari a peu pels boscos de Mas Rat\u00e9s i Can Trius. El recorregut s\u2019ha iniciat al carrer de Salamanca, al costat de la pineda.<\/p>\n<p>L\u2019educador i l\u2019educadora ja ens esperaven all\u00e0 i ens han explicat qu\u00e8 \u00e9s un bosc, quins animals i plantes hi podem trobar i, a continuaci\u00f3, ens han informat de les accions de foment de la biodiversitat que s\u2019han implantat: col\u00b7locaci\u00f3 de caixes niu, creaci\u00f3 del prat de les papallones, l\u2019hotel d\u2019insectes i arranjament de camins entre altres <a href=\"https:\/\/blocs.xtec.cat\/benvingutsalciclemitja\/2021\/06\/01\/sortida-pels-boscos-de-mas-rates-i-can-trius\/\" target=\"_blank\" rel=\"noopener noreferrer\">llegeix m\u00e9s&gt;&gt;&#8230;<\/a><\/p>\n<p>&nbsp;<\/p>\n","protected":false},"excerpt":{"rendered":"<p>L\u2019alumnat de 3r ha gaudit de l\u2019\u00faltima sortida pedag\u00f2gica d\u2019aquest curs. Es tracta d\u2019un itinerari a peu pels boscos de Mas Rat\u00e9s i Can Trius. El recorregut s\u2019ha iniciat al carrer de Salamanca, al costat de la pineda.<br \/>\nL\u2019educador i l\u2019educadora ja ens esperaven all\u00e0 i&hellip;  <a href=\"https:\/\/agora.xtec.cat\/ceip-miquelmartipol-viladecans\/general\/sortida-pels-boscos-de-mas-rates-i-can-trius\/\" title=\"Read Sortida pels boscos de Mas Rat\u00e9s i Can Trius.\">Llegeix m\u00e9s\u00bb<\/a><\/p>\n","protected":false},"author":1,"featured_media":7148,"comment_status":"open","ping_status":"closed","sticky":false,"template":"","format":"standard","meta":{"_bbp_topic_count":0,"_bbp_reply_count":0,"_bbp_total_topic_count":0,"_bbp_total_reply_count":0,"_bbp_voice_count":0,"_bbp_anonymous_reply_count":0,"_bbp_topic_count_hidden":0,"_bbp_reply_count_hidden":0,"_bbp_forum_subforum_count":0,"footnotes":""},"categories":[1,136,79],"tags":[72,100],"class_list":["post-7147","post","type-post","status-publish","format-standard","has-post-thumbnail","hentry","category-general","category-sortides","category-tercer","tag-projecte-interdisciplinari","tag-projectes-escola"],"post_mailing_queue_ids":[],"_links":{"self":[{"href":"https:\/\/agora.xtec.cat\/ceip-miquelmartipol-viladecans\/wp-json\/wp\/v2\/posts\/7147","targetHints":{"allow":["GET"]}}],"collection":[{"href":"https:\/\/agora.xtec.cat\/ceip-miquelmartipol-viladecans\/wp-json\/wp\/v2\/posts"}],"about":[{"href":"https:\/\/agora.xtec.cat\/ceip-miquelmartipol-viladecans\/wp-json\/wp\/v2\/types\/post"}],"author":[{"embeddable":true,"href":"https:\/\/agora.xtec.cat\/ceip-miquelmartipol-viladecans\/wp-json\/wp\/v2\/users\/1"}],"replies":[{"embeddable":true,"href":"https:\/\/agora.xtec.cat\/ceip-miquelmartipol-viladecans\/wp-json\/wp\/v2\/comments?post=7147"}],"version-history":[{"count":3,"href":"https:\/\/agora.xtec.cat\/ceip-miquelmartipol-viladecans\/wp-json\/wp\/v2\/posts\/7147\/revisions"}],"predecessor-version":[{"id":7151,"href":"https:\/\/agora.xtec.cat\/ceip-miquelmartipol-viladecans\/wp-json\/wp\/v2\/posts\/7147\/revisions\/7151"}],"wp:featuredmedia":[{"embeddable":true,"href":"https:\/\/agora.xtec.cat\/ceip-miquelmartipol-viladecans\/wp-json\/wp\/v2\/media\/7148"}],"wp:attachment":[{"href":"https:\/\/agora.xtec.cat\/ceip-miquelmartipol-viladecans\/wp-json\/wp\/v2\/media?parent=7147"}],"wp:term":[{"taxonomy":"category","embeddable":true,"href":"https:\/\/agora.xtec.cat\/ceip-miquelmartipol-viladecans\/wp-json\/wp\/v2\/categories?post=7147"},{"taxonomy":"post_tag","embeddable":true,"href":"https:\/\/agora.xtec.cat\/ceip-miquelmartipol-viladecans\/wp-json\/wp\/v2\/tags?post=7147"}],"curies":[{"name":"wp","href":"https:\/\/api.w.org\/{rel}","templated":true}]}}