{"id":6626,"date":"2021-01-12T16:09:36","date_gmt":"2021-01-12T15:09:36","guid":{"rendered":"http:\/\/agora.xtec.cat\/ceip-miquelmartipol-viladecans\/?p=6626"},"modified":"2021-01-12T17:02:36","modified_gmt":"2021-01-12T16:02:36","slug":"lhivern-ha-arribat","status":"publish","type":"post","link":"https:\/\/agora.xtec.cat\/ceip-miquelmartipol-viladecans\/general\/lhivern-ha-arribat\/","title":{"rendered":"L&#8217;hivern ha arribat!"},"content":{"rendered":"<p style=\"text-align: justify;\">Ja estem preparades i preparats per comen\u00e7ar el segon trimestre despr\u00e9s de viure uns dies en fam\u00edlia. Un hivern molt fred ens ha volgut acompanyar en aquest inici de trimestre. Arriba amb temperatures molt baixes i amb nevades que nom\u00e9s hem vist a les not\u00edcies.<\/p>\n<p style=\"text-align: left;\">Us convidem a escalfar-vos cantant juntament amb la D\u00e0maris Gelabert.<\/p>\n<p style=\"text-align: center;\"><iframe loading=\"lazy\" src=\"\/\/www.youtube.com\/embed\/ne85iv4niHk\" width=\"560\" height=\"314\" frameborder=\"0\"><\/iframe><\/p>\n<p>&nbsp;<\/p>\n","protected":false},"excerpt":{"rendered":"<p>Ja estem preparades i preparats per comen\u00e7ar el segon trimestre despr\u00e9s de viure uns dies en fam\u00edlia. Un hivern molt fred ens ha volgut acompanyar en aquest inici de trimestre. Arriba amb temperatures molt baixes i amb nevades que nom\u00e9s hem vist a les not\u00edcies.<br \/>\nUs&hellip;  <a href=\"https:\/\/agora.xtec.cat\/ceip-miquelmartipol-viladecans\/general\/lhivern-ha-arribat\/\" title=\"Read L&#8217;hivern ha arribat!\">Llegeix m\u00e9s\u00bb<\/a><\/p>\n","protected":false},"author":1,"featured_media":6632,"comment_status":"open","ping_status":"closed","sticky":false,"template":"","format":"standard","meta":{"_bbp_topic_count":0,"_bbp_reply_count":0,"_bbp_total_topic_count":0,"_bbp_total_reply_count":0,"_bbp_voice_count":0,"_bbp_anonymous_reply_count":0,"_bbp_topic_count_hidden":0,"_bbp_reply_count_hidden":0,"_bbp_forum_subforum_count":0,"footnotes":""},"categories":[1,89],"tags":[146,147],"class_list":["post-6626","post","type-post","status-publish","format-standard","has-post-thumbnail","hentry","category-general","category-p5","tag-activitats","tag-musica"],"post_mailing_queue_ids":[],"_links":{"self":[{"href":"https:\/\/agora.xtec.cat\/ceip-miquelmartipol-viladecans\/wp-json\/wp\/v2\/posts\/6626","targetHints":{"allow":["GET"]}}],"collection":[{"href":"https:\/\/agora.xtec.cat\/ceip-miquelmartipol-viladecans\/wp-json\/wp\/v2\/posts"}],"about":[{"href":"https:\/\/agora.xtec.cat\/ceip-miquelmartipol-viladecans\/wp-json\/wp\/v2\/types\/post"}],"author":[{"embeddable":true,"href":"https:\/\/agora.xtec.cat\/ceip-miquelmartipol-viladecans\/wp-json\/wp\/v2\/users\/1"}],"replies":[{"embeddable":true,"href":"https:\/\/agora.xtec.cat\/ceip-miquelmartipol-viladecans\/wp-json\/wp\/v2\/comments?post=6626"}],"version-history":[{"count":3,"href":"https:\/\/agora.xtec.cat\/ceip-miquelmartipol-viladecans\/wp-json\/wp\/v2\/posts\/6626\/revisions"}],"predecessor-version":[{"id":6633,"href":"https:\/\/agora.xtec.cat\/ceip-miquelmartipol-viladecans\/wp-json\/wp\/v2\/posts\/6626\/revisions\/6633"}],"wp:featuredmedia":[{"embeddable":true,"href":"https:\/\/agora.xtec.cat\/ceip-miquelmartipol-viladecans\/wp-json\/wp\/v2\/media\/6632"}],"wp:attachment":[{"href":"https:\/\/agora.xtec.cat\/ceip-miquelmartipol-viladecans\/wp-json\/wp\/v2\/media?parent=6626"}],"wp:term":[{"taxonomy":"category","embeddable":true,"href":"https:\/\/agora.xtec.cat\/ceip-miquelmartipol-viladecans\/wp-json\/wp\/v2\/categories?post=6626"},{"taxonomy":"post_tag","embeddable":true,"href":"https:\/\/agora.xtec.cat\/ceip-miquelmartipol-viladecans\/wp-json\/wp\/v2\/tags?post=6626"}],"curies":[{"name":"wp","href":"https:\/\/api.w.org\/{rel}","templated":true}]}}