{"id":5064,"date":"2020-02-01T17:02:33","date_gmt":"2020-02-01T16:02:33","guid":{"rendered":"http:\/\/agora.xtec.cat\/ceip-miquelmartipol-viladecans\/?p=5064"},"modified":"2020-02-01T17:02:33","modified_gmt":"2020-02-01T16:02:33","slug":"un-repte-ecologic-per-a-lalumnat-de-6e","status":"publish","type":"post","link":"https:\/\/agora.xtec.cat\/ceip-miquelmartipol-viladecans\/general\/un-repte-ecologic-per-a-lalumnat-de-6e\/","title":{"rendered":"Un repte ecol\u00f2gic per a l&#8217;alumnat de 6\u00e8!"},"content":{"rendered":"<p style=\"text-align: center;\"><img loading=\"lazy\" decoding=\"async\" class=\"wp-image-5065 alignleft\" src=\"https:\/\/agora.xtec.cat\/ceip-miquelmartipol-viladecans\/wp-content\/uploads\/usu1500\/2020\/02\/banco-solar-parque-marina-viladecans-1576147659235-1024x576.jpg\" alt=\"\" width=\"508\" height=\"286\" srcset=\"https:\/\/agora.xtec.cat\/ceip-miquelmartipol-viladecans\/wp-content\/uploads\/usu1500\/2020\/02\/banco-solar-parque-marina-viladecans-1576147659235-1024x576.jpg 1024w, https:\/\/agora.xtec.cat\/ceip-miquelmartipol-viladecans\/wp-content\/uploads\/usu1500\/2020\/02\/banco-solar-parque-marina-viladecans-1576147659235-300x169.jpg 300w, https:\/\/agora.xtec.cat\/ceip-miquelmartipol-viladecans\/wp-content\/uploads\/usu1500\/2020\/02\/banco-solar-parque-marina-viladecans-1576147659235-768x432.jpg 768w, https:\/\/agora.xtec.cat\/ceip-miquelmartipol-viladecans\/wp-content\/uploads\/usu1500\/2020\/02\/banco-solar-parque-marina-viladecans-1576147659235.jpg 1200w\" sizes=\"auto, (max-width: 508px) 100vw, 508px\" \/>ELEMENTS \u201cSMART CITY\u201d NO CONTAMINANTS A VILADECANS<\/p>\n<p style=\"text-align: justify;\">El parc de la Marina de Viladecans ha incorporat dos nous elements \u201csmart city\u201d no contaminants que combinen energia renovable i innovaci\u00f3.<\/p>\n<p style=\"text-align: justify;\"><strong>ATENCI\u00d3 nens i nenes de 6\u00e8!<\/strong> Us proposem un repte ecol\u00f2gic: trobar aquests elements al parc, fer-vos una fotografia al mateix punt de localitzaci\u00f3 i fer un petit treball de recerca:<br \/>\nQuins s\u00f3n els dos elements \u201csmart city\u201d no contaminants de Viladecans?<br \/>\nPer a qu\u00e8 serveixen?<br \/>\nCom funcionen?<br \/>\nQuina relaci\u00f3 tenen amb el projecte que estem realitzant?<br \/>\nSi fossis un o una activista mediambiental com la Greta Thunberg, quina seria la teva opini\u00f3 sobre aquest tema? Argumenta la resposta<\/p>\n","protected":false},"excerpt":{"rendered":"<p>ELEMENTS \u201cSMART CITY\u201d NO CONTAMINANTS A VILADECANS<br \/>\nEl parc de la Marina de Viladecans ha incorporat dos nous elements \u201csmart city\u201d no contaminants que combinen energia renovable i innovaci\u00f3.<br \/>\nATENCI\u00d3 nens i nenes de 6\u00e8! Us proposem un repte ecol\u00f2gic: trobar aquests elements al parc, fer-vos una&hellip;  <a href=\"https:\/\/agora.xtec.cat\/ceip-miquelmartipol-viladecans\/general\/un-repte-ecologic-per-a-lalumnat-de-6e\/\" title=\"Read Un repte ecol\u00f2gic per a l&#8217;alumnat de 6\u00e8!\">Llegeix m\u00e9s\u00bb<\/a><\/p>\n","protected":false},"author":1,"featured_media":5065,"comment_status":"open","ping_status":"closed","sticky":false,"template":"","format":"standard","meta":{"_bbp_topic_count":0,"_bbp_reply_count":0,"_bbp_total_topic_count":0,"_bbp_total_reply_count":0,"_bbp_voice_count":0,"_bbp_anonymous_reply_count":0,"_bbp_topic_count_hidden":0,"_bbp_reply_count_hidden":0,"_bbp_forum_subforum_count":0,"footnotes":""},"categories":[1,74],"tags":[72,100],"class_list":["post-5064","post","type-post","status-publish","format-standard","has-post-thumbnail","hentry","category-general","category-sise","tag-projecte-interdisciplinari","tag-projectes-escola"],"post_mailing_queue_ids":[],"_links":{"self":[{"href":"https:\/\/agora.xtec.cat\/ceip-miquelmartipol-viladecans\/wp-json\/wp\/v2\/posts\/5064","targetHints":{"allow":["GET"]}}],"collection":[{"href":"https:\/\/agora.xtec.cat\/ceip-miquelmartipol-viladecans\/wp-json\/wp\/v2\/posts"}],"about":[{"href":"https:\/\/agora.xtec.cat\/ceip-miquelmartipol-viladecans\/wp-json\/wp\/v2\/types\/post"}],"author":[{"embeddable":true,"href":"https:\/\/agora.xtec.cat\/ceip-miquelmartipol-viladecans\/wp-json\/wp\/v2\/users\/1"}],"replies":[{"embeddable":true,"href":"https:\/\/agora.xtec.cat\/ceip-miquelmartipol-viladecans\/wp-json\/wp\/v2\/comments?post=5064"}],"version-history":[{"count":2,"href":"https:\/\/agora.xtec.cat\/ceip-miquelmartipol-viladecans\/wp-json\/wp\/v2\/posts\/5064\/revisions"}],"predecessor-version":[{"id":5067,"href":"https:\/\/agora.xtec.cat\/ceip-miquelmartipol-viladecans\/wp-json\/wp\/v2\/posts\/5064\/revisions\/5067"}],"wp:featuredmedia":[{"embeddable":true,"href":"https:\/\/agora.xtec.cat\/ceip-miquelmartipol-viladecans\/wp-json\/wp\/v2\/media\/5065"}],"wp:attachment":[{"href":"https:\/\/agora.xtec.cat\/ceip-miquelmartipol-viladecans\/wp-json\/wp\/v2\/media?parent=5064"}],"wp:term":[{"taxonomy":"category","embeddable":true,"href":"https:\/\/agora.xtec.cat\/ceip-miquelmartipol-viladecans\/wp-json\/wp\/v2\/categories?post=5064"},{"taxonomy":"post_tag","embeddable":true,"href":"https:\/\/agora.xtec.cat\/ceip-miquelmartipol-viladecans\/wp-json\/wp\/v2\/tags?post=5064"}],"curies":[{"name":"wp","href":"https:\/\/api.w.org\/{rel}","templated":true}]}}