{"id":5038,"date":"2020-01-21T09:15:17","date_gmt":"2020-01-21T08:15:17","guid":{"rendered":"http:\/\/agora.xtec.cat\/ceip-miquelmartipol-viladecans\/?p=5038"},"modified":"2020-01-20T23:28:01","modified_gmt":"2020-01-20T22:28:01","slug":"a-cavall-entre-dames-i-torres","status":"publish","type":"post","link":"https:\/\/agora.xtec.cat\/ceip-miquelmartipol-viladecans\/general\/a-cavall-entre-dames-i-torres\/","title":{"rendered":"A Cavall entre Dames i Torres!"},"content":{"rendered":"<p style=\"text-align: justify;\"><img loading=\"lazy\" decoding=\"async\" class=\"wp-image-5039 alignleft\" src=\"https:\/\/agora.xtec.cat\/ceip-miquelmartipol-viladecans\/wp-content\/uploads\/usu1500\/2020\/01\/2020-01-20_2322-1024x527.png\" alt=\"\" width=\"444\" height=\"229\" srcset=\"https:\/\/agora.xtec.cat\/ceip-miquelmartipol-viladecans\/wp-content\/uploads\/usu1500\/2020\/01\/2020-01-20_2322-1024x527.png 1024w, https:\/\/agora.xtec.cat\/ceip-miquelmartipol-viladecans\/wp-content\/uploads\/usu1500\/2020\/01\/2020-01-20_2322-300x155.png 300w, https:\/\/agora.xtec.cat\/ceip-miquelmartipol-viladecans\/wp-content\/uploads\/usu1500\/2020\/01\/2020-01-20_2322-768x396.png 768w, https:\/\/agora.xtec.cat\/ceip-miquelmartipol-viladecans\/wp-content\/uploads\/usu1500\/2020\/01\/2020-01-20_2322.png 1190w\" sizes=\"auto, (max-width: 444px) 100vw, 444px\" \/><\/p>\n<p style=\"text-align: justify;\">Blanques o negres? Atacar o defensar? Amics o adversaris? Torres, alfils, peons, cavalls, dama i rei. Peces imprescindibles si volem continuar jugant a un dels jocs que m\u00e9s engresquen al nostre alumnat de 4t.<br \/>\nA l\u2019octubre vam comen\u00e7ar una formaci\u00f3 d\u2019escacs amb l\u2019expert, Enric Oliver, que ens va ensenyar quins eren els diferents moviments de les peces del joc, com protegir al nostre rei amb el moviment de l\u2019enroc, i com fer bones jugades a trav\u00e9s de la concentraci\u00f3, la mem\u00f2ria, l\u2019anticipaci\u00f3 i les bones decisions, per arribar a fer escac i mat al rei de l\u2019adversari&#8230; <a href=\"https:\/\/blocs.xtec.cat\/jasomaquart\/2020\/01\/20\/a-cavall-entre-dames-i-torres\/\" target=\"_blank\" rel=\"noopener noreferrer\"><span style=\"color: #000000;\"><strong>+INFO<\/strong><\/span><\/a><\/p>\n<p>&nbsp;<\/p>\n","protected":false},"excerpt":{"rendered":"<p>Blanques o negres? Atacar o defensar? Amics o adversaris? Torres, alfils, peons, cavalls, dama i rei. Peces imprescindibles si volem continuar jugant a un dels jocs que m\u00e9s engresquen al nostre alumnat de 4t.<br \/>\nA l\u2019octubre vam comen\u00e7ar una formaci\u00f3 d\u2019escacs amb l\u2019expert, Enric Oliver, que&hellip;  <a href=\"https:\/\/agora.xtec.cat\/ceip-miquelmartipol-viladecans\/general\/a-cavall-entre-dames-i-torres\/\" title=\"Read A Cavall entre Dames i Torres!\">Llegeix m\u00e9s\u00bb<\/a><\/p>\n","protected":false},"author":1,"featured_media":5039,"comment_status":"open","ping_status":"closed","sticky":false,"template":"","format":"standard","meta":{"_bbp_topic_count":0,"_bbp_reply_count":0,"_bbp_total_topic_count":0,"_bbp_total_reply_count":0,"_bbp_voice_count":0,"_bbp_anonymous_reply_count":0,"_bbp_topic_count_hidden":0,"_bbp_reply_count_hidden":0,"_bbp_forum_subforum_count":0,"footnotes":""},"categories":[1,82],"tags":[146,100],"class_list":["post-5038","post","type-post","status-publish","format-standard","has-post-thumbnail","hentry","category-general","category-quart","tag-activitats","tag-projectes-escola"],"post_mailing_queue_ids":[],"_links":{"self":[{"href":"https:\/\/agora.xtec.cat\/ceip-miquelmartipol-viladecans\/wp-json\/wp\/v2\/posts\/5038","targetHints":{"allow":["GET"]}}],"collection":[{"href":"https:\/\/agora.xtec.cat\/ceip-miquelmartipol-viladecans\/wp-json\/wp\/v2\/posts"}],"about":[{"href":"https:\/\/agora.xtec.cat\/ceip-miquelmartipol-viladecans\/wp-json\/wp\/v2\/types\/post"}],"author":[{"embeddable":true,"href":"https:\/\/agora.xtec.cat\/ceip-miquelmartipol-viladecans\/wp-json\/wp\/v2\/users\/1"}],"replies":[{"embeddable":true,"href":"https:\/\/agora.xtec.cat\/ceip-miquelmartipol-viladecans\/wp-json\/wp\/v2\/comments?post=5038"}],"version-history":[{"count":1,"href":"https:\/\/agora.xtec.cat\/ceip-miquelmartipol-viladecans\/wp-json\/wp\/v2\/posts\/5038\/revisions"}],"predecessor-version":[{"id":5040,"href":"https:\/\/agora.xtec.cat\/ceip-miquelmartipol-viladecans\/wp-json\/wp\/v2\/posts\/5038\/revisions\/5040"}],"wp:featuredmedia":[{"embeddable":true,"href":"https:\/\/agora.xtec.cat\/ceip-miquelmartipol-viladecans\/wp-json\/wp\/v2\/media\/5039"}],"wp:attachment":[{"href":"https:\/\/agora.xtec.cat\/ceip-miquelmartipol-viladecans\/wp-json\/wp\/v2\/media?parent=5038"}],"wp:term":[{"taxonomy":"category","embeddable":true,"href":"https:\/\/agora.xtec.cat\/ceip-miquelmartipol-viladecans\/wp-json\/wp\/v2\/categories?post=5038"},{"taxonomy":"post_tag","embeddable":true,"href":"https:\/\/agora.xtec.cat\/ceip-miquelmartipol-viladecans\/wp-json\/wp\/v2\/tags?post=5038"}],"curies":[{"name":"wp","href":"https:\/\/api.w.org\/{rel}","templated":true}]}}