{"id":5022,"date":"2020-01-13T16:08:45","date_gmt":"2020-01-13T15:08:45","guid":{"rendered":"http:\/\/agora.xtec.cat\/ceip-miquelmartipol-viladecans\/?p=5022"},"modified":"2020-01-13T16:12:30","modified_gmt":"2020-01-13T15:12:30","slug":"habits-saludables","status":"publish","type":"post","link":"https:\/\/agora.xtec.cat\/ceip-miquelmartipol-viladecans\/educacio-fisica\/habits-saludables\/","title":{"rendered":"H\u00c0BITS SALUDABLES"},"content":{"rendered":"<p>L\u2019alumnat de 4t curs d\u2019Educaci\u00f3 Prim\u00e0ria continua el seu proc\u00e9s d\u2019aprenentatge a trav\u00e9s del nou projecte interdisciplinari <strong>El nostre cos \u00e9s una m\u00e0quina perfecta! <\/strong>que tamb\u00e9 treballem des de l&#8217;\u00e0rea d&#8217;Educaci\u00f3 F\u00edsica.<\/p>\n<p>Aqu\u00ed teniu tres imatges que ens donen molta informaci\u00f3 sobre els h\u00e0bits saludables i la pir\u00e0mide de l&#8217;activitat f\u00edsica i de l&#8217;alimentaci\u00f3.<\/p>\n<p><img loading=\"lazy\" decoding=\"async\" class=\"aligncenter size-full wp-image-5023\" src=\"https:\/\/agora.xtec.cat\/ceip-miquelmartipol-viladecans\/wp-content\/uploads\/usu1500\/2020\/01\/decaleg-habits-saludables.jpg\" alt=\"\" width=\"1669\" height=\"983\" srcset=\"https:\/\/agora.xtec.cat\/ceip-miquelmartipol-viladecans\/wp-content\/uploads\/usu1500\/2020\/01\/decaleg-habits-saludables.jpg 1669w, https:\/\/agora.xtec.cat\/ceip-miquelmartipol-viladecans\/wp-content\/uploads\/usu1500\/2020\/01\/decaleg-habits-saludables-300x177.jpg 300w, https:\/\/agora.xtec.cat\/ceip-miquelmartipol-viladecans\/wp-content\/uploads\/usu1500\/2020\/01\/decaleg-habits-saludables-768x452.jpg 768w, https:\/\/agora.xtec.cat\/ceip-miquelmartipol-viladecans\/wp-content\/uploads\/usu1500\/2020\/01\/decaleg-habits-saludables-1024x603.jpg 1024w\" sizes=\"auto, (max-width: 1669px) 100vw, 1669px\" \/> <img loading=\"lazy\" decoding=\"async\" class=\"aligncenter size-full wp-image-5024\" src=\"https:\/\/agora.xtec.cat\/ceip-miquelmartipol-viladecans\/wp-content\/uploads\/usu1500\/2020\/01\/piramide_activitat_fisica.jpg\" alt=\"\" width=\"1600\" height=\"959\" srcset=\"https:\/\/agora.xtec.cat\/ceip-miquelmartipol-viladecans\/wp-content\/uploads\/usu1500\/2020\/01\/piramide_activitat_fisica.jpg 1600w, https:\/\/agora.xtec.cat\/ceip-miquelmartipol-viladecans\/wp-content\/uploads\/usu1500\/2020\/01\/piramide_activitat_fisica-300x180.jpg 300w, https:\/\/agora.xtec.cat\/ceip-miquelmartipol-viladecans\/wp-content\/uploads\/usu1500\/2020\/01\/piramide_activitat_fisica-768x460.jpg 768w, https:\/\/agora.xtec.cat\/ceip-miquelmartipol-viladecans\/wp-content\/uploads\/usu1500\/2020\/01\/piramide_activitat_fisica-1024x614.jpg 1024w\" sizes=\"auto, (max-width: 1600px) 100vw, 1600px\" \/> <img loading=\"lazy\" decoding=\"async\" class=\"aligncenter size-full wp-image-5025\" src=\"https:\/\/agora.xtec.cat\/ceip-miquelmartipol-viladecans\/wp-content\/uploads\/usu1500\/2020\/01\/piramide_alimentaria.jpg\" alt=\"\" width=\"1100\" height=\"711\" srcset=\"https:\/\/agora.xtec.cat\/ceip-miquelmartipol-viladecans\/wp-content\/uploads\/usu1500\/2020\/01\/piramide_alimentaria.jpg 1100w, https:\/\/agora.xtec.cat\/ceip-miquelmartipol-viladecans\/wp-content\/uploads\/usu1500\/2020\/01\/piramide_alimentaria-300x194.jpg 300w, https:\/\/agora.xtec.cat\/ceip-miquelmartipol-viladecans\/wp-content\/uploads\/usu1500\/2020\/01\/piramide_alimentaria-768x496.jpg 768w, https:\/\/agora.xtec.cat\/ceip-miquelmartipol-viladecans\/wp-content\/uploads\/usu1500\/2020\/01\/piramide_alimentaria-1024x662.jpg 1024w\" sizes=\"auto, (max-width: 1100px) 100vw, 1100px\" \/><\/p>\n","protected":false},"excerpt":{"rendered":"<p>L\u2019alumnat de 4t curs d\u2019Educaci\u00f3 Prim\u00e0ria continua el seu proc\u00e9s d\u2019aprenentatge a trav\u00e9s del nou projecte interdisciplinari El nostre cos \u00e9s una m\u00e0quina perfecta! que tamb\u00e9 treballem des de l&#8217;\u00e0rea d&#8217;Educaci\u00f3 F\u00edsica.<br \/>\nAqu\u00ed teniu tres imatges que ens donen molta informaci\u00f3 sobre els h\u00e0bits saludables i&hellip;  <a href=\"https:\/\/agora.xtec.cat\/ceip-miquelmartipol-viladecans\/educacio-fisica\/habits-saludables\/\" title=\"Read H\u00c0BITS SALUDABLES\">Llegeix m\u00e9s\u00bb<\/a><\/p>\n","protected":false},"author":3,"featured_media":5023,"comment_status":"open","ping_status":"closed","sticky":false,"template":"","format":"standard","meta":{"_bbp_topic_count":0,"_bbp_reply_count":0,"_bbp_total_topic_count":0,"_bbp_total_reply_count":0,"_bbp_voice_count":0,"_bbp_anonymous_reply_count":0,"_bbp_topic_count_hidden":0,"_bbp_reply_count_hidden":0,"_bbp_forum_subforum_count":0,"footnotes":""},"categories":[94],"tags":[108,153,155,154],"class_list":["post-5022","post","type-post","status-publish","format-standard","has-post-thumbnail","hentry","category-educacio-fisica","tag-educacio-fisica","tag-habits-saludables","tag-piramide-activitat-fisica","tag-piramide-alimentaria"],"post_mailing_queue_ids":[],"_links":{"self":[{"href":"https:\/\/agora.xtec.cat\/ceip-miquelmartipol-viladecans\/wp-json\/wp\/v2\/posts\/5022","targetHints":{"allow":["GET"]}}],"collection":[{"href":"https:\/\/agora.xtec.cat\/ceip-miquelmartipol-viladecans\/wp-json\/wp\/v2\/posts"}],"about":[{"href":"https:\/\/agora.xtec.cat\/ceip-miquelmartipol-viladecans\/wp-json\/wp\/v2\/types\/post"}],"author":[{"embeddable":true,"href":"https:\/\/agora.xtec.cat\/ceip-miquelmartipol-viladecans\/wp-json\/wp\/v2\/users\/3"}],"replies":[{"embeddable":true,"href":"https:\/\/agora.xtec.cat\/ceip-miquelmartipol-viladecans\/wp-json\/wp\/v2\/comments?post=5022"}],"version-history":[{"count":2,"href":"https:\/\/agora.xtec.cat\/ceip-miquelmartipol-viladecans\/wp-json\/wp\/v2\/posts\/5022\/revisions"}],"predecessor-version":[{"id":5027,"href":"https:\/\/agora.xtec.cat\/ceip-miquelmartipol-viladecans\/wp-json\/wp\/v2\/posts\/5022\/revisions\/5027"}],"wp:featuredmedia":[{"embeddable":true,"href":"https:\/\/agora.xtec.cat\/ceip-miquelmartipol-viladecans\/wp-json\/wp\/v2\/media\/5023"}],"wp:attachment":[{"href":"https:\/\/agora.xtec.cat\/ceip-miquelmartipol-viladecans\/wp-json\/wp\/v2\/media?parent=5022"}],"wp:term":[{"taxonomy":"category","embeddable":true,"href":"https:\/\/agora.xtec.cat\/ceip-miquelmartipol-viladecans\/wp-json\/wp\/v2\/categories?post=5022"},{"taxonomy":"post_tag","embeddable":true,"href":"https:\/\/agora.xtec.cat\/ceip-miquelmartipol-viladecans\/wp-json\/wp\/v2\/tags?post=5022"}],"curies":[{"name":"wp","href":"https:\/\/api.w.org\/{rel}","templated":true}]}}