{"id":4372,"date":"2019-05-12T23:22:34","date_gmt":"2019-05-12T21:22:34","guid":{"rendered":"http:\/\/agora.xtec.cat\/ceip-miquelmartipol-viladecans\/?p=4372"},"modified":"2019-05-12T23:22:34","modified_gmt":"2019-05-12T21:22:34","slug":"tallers-amb-experts-i-expertes","status":"publish","type":"post","link":"https:\/\/agora.xtec.cat\/ceip-miquelmartipol-viladecans\/general\/tallers-amb-experts-i-expertes\/","title":{"rendered":"Tallers amb experts i expertes."},"content":{"rendered":"<p><img loading=\"lazy\" decoding=\"async\" class=\"alignleft wp-image-4373\" src=\"https:\/\/agora.xtec.cat\/ceip-miquelmartipol-viladecans\/wp-content\/uploads\/usu1500\/2019\/05\/2019-05-12_2319.png\" alt=\"\" width=\"362\" height=\"265\" srcset=\"https:\/\/agora.xtec.cat\/ceip-miquelmartipol-viladecans\/wp-content\/uploads\/usu1500\/2019\/05\/2019-05-12_2319.png 467w, https:\/\/agora.xtec.cat\/ceip-miquelmartipol-viladecans\/wp-content\/uploads\/usu1500\/2019\/05\/2019-05-12_2319-300x220.png 300w\" sizes=\"auto, (max-width: 362px) 100vw, 362px\" \/><\/p>\n<p style=\"text-align: justify;\">Els nens i les nenes de P4, DJEMB\u00c9, UKELELE I BONGOS fan l\u2019activitat setmanal de Taller d\u2019 experts i expertes.<\/p>\n<p style=\"text-align: justify;\">En aquest taller pares i mares tenen la oportunitat de compartir amb el grup classe del seu fill\/a all\u00f2 que saber fer molt b\u00e9!<\/p>\n<p style=\"text-align: justify;\">\u00c9s una activitat molt enriquidora amb la que gaudim molt\u00edssim. Moltes gr\u00e0cies fam\u00edlies!<\/p>\n<p>Per veure algunes fotos cliqueu <a href=\"https:\/\/drive.google.com\/drive\/folders\/13RLYu5WtGB74EQoZuRdbv615ymhIeQdM?usp=sharing\" target=\"_blank\" rel=\"noopener\"><span style=\"color: #ff0000;\"><strong>aqu\u00ed<\/strong><\/span><\/a><\/p>\n","protected":false},"excerpt":{"rendered":"<p>Els nens i les nenes de P4, DJEMB\u00c9, UKELELE I BONGOS fan l\u2019activitat setmanal de Taller d\u2019 experts i expertes.<br \/>\nEn aquest taller pares i mares tenen la oportunitat de compartir amb el grup classe del seu fill\/a all\u00f2 que saber fer molt b\u00e9!<br \/>\n\u00c9s una activitat&hellip;  <a href=\"https:\/\/agora.xtec.cat\/ceip-miquelmartipol-viladecans\/general\/tallers-amb-experts-i-expertes\/\" title=\"Read Tallers amb experts i expertes.\">Llegeix m\u00e9s\u00bb<\/a><\/p>\n","protected":false},"author":1,"featured_media":4373,"comment_status":"open","ping_status":"closed","sticky":false,"template":"","format":"standard","meta":{"_bbp_topic_count":0,"_bbp_reply_count":0,"_bbp_total_topic_count":0,"_bbp_total_reply_count":0,"_bbp_voice_count":0,"_bbp_anonymous_reply_count":0,"_bbp_topic_count_hidden":0,"_bbp_reply_count_hidden":0,"_bbp_forum_subforum_count":0,"footnotes":""},"categories":[1,132],"tags":[146,100],"class_list":["post-4372","post","type-post","status-publish","format-standard","has-post-thumbnail","hentry","category-general","category-p4","tag-activitats","tag-projectes-escola"],"post_mailing_queue_ids":[],"_links":{"self":[{"href":"https:\/\/agora.xtec.cat\/ceip-miquelmartipol-viladecans\/wp-json\/wp\/v2\/posts\/4372","targetHints":{"allow":["GET"]}}],"collection":[{"href":"https:\/\/agora.xtec.cat\/ceip-miquelmartipol-viladecans\/wp-json\/wp\/v2\/posts"}],"about":[{"href":"https:\/\/agora.xtec.cat\/ceip-miquelmartipol-viladecans\/wp-json\/wp\/v2\/types\/post"}],"author":[{"embeddable":true,"href":"https:\/\/agora.xtec.cat\/ceip-miquelmartipol-viladecans\/wp-json\/wp\/v2\/users\/1"}],"replies":[{"embeddable":true,"href":"https:\/\/agora.xtec.cat\/ceip-miquelmartipol-viladecans\/wp-json\/wp\/v2\/comments?post=4372"}],"version-history":[{"count":1,"href":"https:\/\/agora.xtec.cat\/ceip-miquelmartipol-viladecans\/wp-json\/wp\/v2\/posts\/4372\/revisions"}],"predecessor-version":[{"id":4374,"href":"https:\/\/agora.xtec.cat\/ceip-miquelmartipol-viladecans\/wp-json\/wp\/v2\/posts\/4372\/revisions\/4374"}],"wp:featuredmedia":[{"embeddable":true,"href":"https:\/\/agora.xtec.cat\/ceip-miquelmartipol-viladecans\/wp-json\/wp\/v2\/media\/4373"}],"wp:attachment":[{"href":"https:\/\/agora.xtec.cat\/ceip-miquelmartipol-viladecans\/wp-json\/wp\/v2\/media?parent=4372"}],"wp:term":[{"taxonomy":"category","embeddable":true,"href":"https:\/\/agora.xtec.cat\/ceip-miquelmartipol-viladecans\/wp-json\/wp\/v2\/categories?post=4372"},{"taxonomy":"post_tag","embeddable":true,"href":"https:\/\/agora.xtec.cat\/ceip-miquelmartipol-viladecans\/wp-json\/wp\/v2\/tags?post=4372"}],"curies":[{"name":"wp","href":"https:\/\/api.w.org\/{rel}","templated":true}]}}