{"id":4049,"date":"2019-03-07T13:45:27","date_gmt":"2019-03-07T12:45:27","guid":{"rendered":"http:\/\/agora.xtec.cat\/ceip-miquelmartipol-viladecans\/?p=4049"},"modified":"2019-03-07T15:53:52","modified_gmt":"2019-03-07T14:53:52","slug":"bibliorecomanacions-dels-nens-i-nenes-de-p-4","status":"publish","type":"post","link":"https:\/\/agora.xtec.cat\/ceip-miquelmartipol-viladecans\/general\/bibliorecomanacions-dels-nens-i-nenes-de-p-4\/","title":{"rendered":"Bibliorecomanacions dels nens i nenes de P-4!"},"content":{"rendered":"<p>&nbsp;<\/p>\n<p><a href=\"http:\/\/blocs.xtec.cat\/bibliotecaescolarmiquelmartiipol\/files\/2019\/02\/DE-QUIN-COLOR-%C3%89S-UN-PET%C3%93-P4.jpg\"><img loading=\"lazy\" decoding=\"async\" class=\"wp-image-2698 alignleft\" src=\"http:\/\/blocs.xtec.cat\/bibliotecaescolarmiquelmartiipol\/files\/2019\/02\/DE-QUIN-COLOR-%C3%89S-UN-PET%C3%93-P4.jpg\" sizes=\"auto, (max-width: 248px) 100vw, 248px\" srcset=\"https:\/\/blocs.xtec.cat\/bibliotecaescolarmiquelmartiipol\/files\/2019\/02\/DE-QUIN-COLOR-\u00c9S-UN-PET\u00d3-P4.jpg 499w, https:\/\/blocs.xtec.cat\/bibliotecaescolarmiquelmartiipol\/files\/2019\/02\/DE-QUIN-COLOR-\u00c9S-UN-PET\u00d3-P4-300x218.jpg 300w\" alt=\"\" width=\"248\" height=\"180\" \/><\/a><\/p>\n<p style=\"text-align: justify;\">Aquest llibre t\u00e9 com a protagonista la Minimoni, una nena a la que li encanta pintar 1000 coses de colors: marietes vermelles, cels blaus, pl\u00e0tans grocs\u2026 per\u00f2 mai no ha pintat un pet\u00f3. De quin color deu ser? Vermell com una deliciosa salsa de tom\u00e0quet? No, perqu\u00e8 tamb\u00e9 \u00e9s un color de quan est\u00e0s empipat\u2026 Deu ser verd com els cocodrils, que sempre li han semblat tant simp\u00e0tics? Impossible, perqu\u00e8 \u00e9s el color de les verdures i no li agrada menjar-ne! Com podria descobrir de quin color s\u00f3n els petons?<\/p>\n<p><a href=\"http:\/\/tresllunetes.blogspot.com\/2017\/08\/llibre-de-quin-color-es-un-peto.html\">AQU\u00cd<\/a>\u00a0us deixem un enlla\u00e7<\/p>\n<p><a href=\"http:\/\/blocs.xtec.cat\/bibliotecaescolarmiquelmartiipol\/files\/2019\/02\/QU%C3%89-PORTES-DINS-DEL-BOLQUER-P4.jpg\"><img loading=\"lazy\" decoding=\"async\" class=\"wp-image-2700 alignleft\" src=\"http:\/\/blocs.xtec.cat\/bibliotecaescolarmiquelmartiipol\/files\/2019\/02\/QU%C3%89-PORTES-DINS-DEL-BOLQUER-P4-946x1024.jpg\" sizes=\"auto, (max-width: 186px) 100vw, 186px\" srcset=\"https:\/\/blocs.xtec.cat\/bibliotecaescolarmiquelmartiipol\/files\/2019\/02\/QU\u00c9-PORTES-DINS-DEL-BOLQUER-P4-946x1024.jpg 946w, https:\/\/blocs.xtec.cat\/bibliotecaescolarmiquelmartiipol\/files\/2019\/02\/QU\u00c9-PORTES-DINS-DEL-BOLQUER-P4-277x300.jpg 277w, https:\/\/blocs.xtec.cat\/bibliotecaescolarmiquelmartiipol\/files\/2019\/02\/QU\u00c9-PORTES-DINS-DEL-BOLQUER-P4-768x831.jpg 768w, https:\/\/blocs.xtec.cat\/bibliotecaescolarmiquelmartiipol\/files\/2019\/02\/QU\u00c9-PORTES-DINS-DEL-BOLQUER-P4-624x675.jpg 624w\" alt=\"\" width=\"186\" height=\"201\" \/><\/a><\/p>\n<p style=\"text-align: justify;\">El ratol\u00ed \u00e9s molt tafaner. Li agrada mirar sempre que hi ha dins de tota mena de coses, fins i tot als bolquers dels seus amics.\u00a0Quan el Ratol\u00ed hagi mirat qu\u00e8 hi porten , el Llebret\u00f3, la Cabreta, el gosset, el vedell, el Poll\u00ed i el Garr\u00ed, al final els amics tamb\u00e9 voldran saber qu\u00e8 hi ha al bolquer del Ratol\u00ed. I llavors tindran una gran sorpresa.<\/p>\n<p><a href=\"https:\/\/www.youtube.com\/watch?v=Hp3m0TD1XPU\">AQU\u00cd<\/a>\u00a0trobareu el v\u00eddeo d&#8217;una bonica adaptaci\u00f3 del llibre.<\/p>\n","protected":false},"excerpt":{"rendered":"<p>&nbsp;<br \/>\n<a href=\"http:\/\/blocs.xtec.cat\/bibliotecaescolarmiquelmartiipol\/files\/2019\/02\/DE-QUIN-COLOR-%C3%89S-UN-PET%C3%93-P4.jpg\"><\/a><br \/>\nAquest llibre t\u00e9 com a protagonista la Minimoni, una nena a la que li encanta pintar 1000 coses de colors: marietes vermelles, cels blaus, pl\u00e0tans grocs\u2026 per\u00f2 mai no ha pintat un pet\u00f3. De quin color deu ser? Vermell com una deliciosa salsa de&hellip;  <a href=\"https:\/\/agora.xtec.cat\/ceip-miquelmartipol-viladecans\/general\/bibliorecomanacions-dels-nens-i-nenes-de-p-4\/\" title=\"Read Bibliorecomanacions dels nens i nenes de P-4!\">Llegeix m\u00e9s\u00bb<\/a><\/p>\n","protected":false},"author":1,"featured_media":4056,"comment_status":"open","ping_status":"closed","sticky":false,"template":"","format":"standard","meta":{"_bbp_topic_count":0,"_bbp_reply_count":0,"_bbp_total_topic_count":0,"_bbp_total_reply_count":0,"_bbp_voice_count":0,"_bbp_anonymous_reply_count":0,"_bbp_topic_count_hidden":0,"_bbp_reply_count_hidden":0,"_bbp_forum_subforum_count":0,"footnotes":""},"categories":[75,1,132],"tags":[146],"class_list":["post-4049","post","type-post","status-publish","format-standard","has-post-thumbnail","hentry","category-biblioteca-escolar","category-general","category-p4","tag-activitats"],"post_mailing_queue_ids":[],"_links":{"self":[{"href":"https:\/\/agora.xtec.cat\/ceip-miquelmartipol-viladecans\/wp-json\/wp\/v2\/posts\/4049","targetHints":{"allow":["GET"]}}],"collection":[{"href":"https:\/\/agora.xtec.cat\/ceip-miquelmartipol-viladecans\/wp-json\/wp\/v2\/posts"}],"about":[{"href":"https:\/\/agora.xtec.cat\/ceip-miquelmartipol-viladecans\/wp-json\/wp\/v2\/types\/post"}],"author":[{"embeddable":true,"href":"https:\/\/agora.xtec.cat\/ceip-miquelmartipol-viladecans\/wp-json\/wp\/v2\/users\/1"}],"replies":[{"embeddable":true,"href":"https:\/\/agora.xtec.cat\/ceip-miquelmartipol-viladecans\/wp-json\/wp\/v2\/comments?post=4049"}],"version-history":[{"count":4,"href":"https:\/\/agora.xtec.cat\/ceip-miquelmartipol-viladecans\/wp-json\/wp\/v2\/posts\/4049\/revisions"}],"predecessor-version":[{"id":4054,"href":"https:\/\/agora.xtec.cat\/ceip-miquelmartipol-viladecans\/wp-json\/wp\/v2\/posts\/4049\/revisions\/4054"}],"wp:featuredmedia":[{"embeddable":true,"href":"https:\/\/agora.xtec.cat\/ceip-miquelmartipol-viladecans\/wp-json\/wp\/v2\/media\/4056"}],"wp:attachment":[{"href":"https:\/\/agora.xtec.cat\/ceip-miquelmartipol-viladecans\/wp-json\/wp\/v2\/media?parent=4049"}],"wp:term":[{"taxonomy":"category","embeddable":true,"href":"https:\/\/agora.xtec.cat\/ceip-miquelmartipol-viladecans\/wp-json\/wp\/v2\/categories?post=4049"},{"taxonomy":"post_tag","embeddable":true,"href":"https:\/\/agora.xtec.cat\/ceip-miquelmartipol-viladecans\/wp-json\/wp\/v2\/tags?post=4049"}],"curies":[{"name":"wp","href":"https:\/\/api.w.org\/{rel}","templated":true}]}}