{"id":3867,"date":"2019-02-12T10:25:16","date_gmt":"2019-02-12T09:25:16","guid":{"rendered":"http:\/\/agora.xtec.cat\/ceip-miquelmartipol-viladecans\/?p=3867"},"modified":"2019-02-11T22:33:40","modified_gmt":"2019-02-11T21:33:40","slug":"un-erico-ens-ha-visitat","status":"publish","type":"post","link":"https:\/\/agora.xtec.cat\/ceip-miquelmartipol-viladecans\/general\/un-erico-ens-ha-visitat\/","title":{"rendered":"Un eri\u00e7\u00f3 ens ha visitat!"},"content":{"rendered":"<p><img loading=\"lazy\" decoding=\"async\" class=\"alignleft wp-image-3868\" src=\"https:\/\/agora.xtec.cat\/ceip-miquelmartipol-viladecans\/wp-content\/uploads\/usu1500\/2019\/02\/2019-02-11_2230.png\" alt=\"\" width=\"438\" height=\"281\" srcset=\"https:\/\/agora.xtec.cat\/ceip-miquelmartipol-viladecans\/wp-content\/uploads\/usu1500\/2019\/02\/2019-02-11_2230.png 637w, https:\/\/agora.xtec.cat\/ceip-miquelmartipol-viladecans\/wp-content\/uploads\/usu1500\/2019\/02\/2019-02-11_2230-300x193.png 300w\" sizes=\"auto, (max-width: 438px) 100vw, 438px\" \/><\/p>\n<p>&nbsp;<\/p>\n<p>El nens i nenes de 1r hem rebut una visita molt important, la d&#8217;un petit eri\u00e7\u00f3 afric\u00e0. L&#8217;hem pogut tocar amb uns guants especials&#8230;perqu\u00e8 els eri\u00e7ons tenen punxes!!<\/p>\n<p><a href=\"https:\/\/blocs.xtec.cat\/ciclemitjamiquelmartiipolviladecans\/un-erico-ens-ha-visitat\/\" target=\"_blank\" rel=\"noopener\"><strong><span style=\"color: #008000;\">+ INFO<\/span><\/strong><\/a><\/p>\n","protected":false},"excerpt":{"rendered":"<p>&nbsp;<br \/>\nEl nens i nenes de 1r hem rebut una visita molt important, la d&#8217;un petit eri\u00e7\u00f3 afric\u00e0. L&#8217;hem pogut tocar amb uns guants especials&#8230;perqu\u00e8 els eri\u00e7ons tenen punxes!!<br \/>\n<a href=\"https:\/\/blocs.xtec.cat\/ciclemitjamiquelmartiipolviladecans\/un-erico-ens-ha-visitat\/\" target=\"_blank\" rel=\"noopener\">+ INFO<\/a><\/p>\n","protected":false},"author":1,"featured_media":3868,"comment_status":"open","ping_status":"closed","sticky":false,"template":"","format":"standard","meta":{"_bbp_topic_count":0,"_bbp_reply_count":0,"_bbp_total_topic_count":0,"_bbp_total_reply_count":0,"_bbp_voice_count":0,"_bbp_anonymous_reply_count":0,"_bbp_topic_count_hidden":0,"_bbp_reply_count_hidden":0,"_bbp_forum_subforum_count":0,"footnotes":""},"categories":[1,90],"tags":[72],"class_list":["post-3867","post","type-post","status-publish","format-standard","has-post-thumbnail","hentry","category-general","category-primer","tag-projecte-interdisciplinari"],"post_mailing_queue_ids":[],"_links":{"self":[{"href":"https:\/\/agora.xtec.cat\/ceip-miquelmartipol-viladecans\/wp-json\/wp\/v2\/posts\/3867","targetHints":{"allow":["GET"]}}],"collection":[{"href":"https:\/\/agora.xtec.cat\/ceip-miquelmartipol-viladecans\/wp-json\/wp\/v2\/posts"}],"about":[{"href":"https:\/\/agora.xtec.cat\/ceip-miquelmartipol-viladecans\/wp-json\/wp\/v2\/types\/post"}],"author":[{"embeddable":true,"href":"https:\/\/agora.xtec.cat\/ceip-miquelmartipol-viladecans\/wp-json\/wp\/v2\/users\/1"}],"replies":[{"embeddable":true,"href":"https:\/\/agora.xtec.cat\/ceip-miquelmartipol-viladecans\/wp-json\/wp\/v2\/comments?post=3867"}],"version-history":[{"count":1,"href":"https:\/\/agora.xtec.cat\/ceip-miquelmartipol-viladecans\/wp-json\/wp\/v2\/posts\/3867\/revisions"}],"predecessor-version":[{"id":3869,"href":"https:\/\/agora.xtec.cat\/ceip-miquelmartipol-viladecans\/wp-json\/wp\/v2\/posts\/3867\/revisions\/3869"}],"wp:featuredmedia":[{"embeddable":true,"href":"https:\/\/agora.xtec.cat\/ceip-miquelmartipol-viladecans\/wp-json\/wp\/v2\/media\/3868"}],"wp:attachment":[{"href":"https:\/\/agora.xtec.cat\/ceip-miquelmartipol-viladecans\/wp-json\/wp\/v2\/media?parent=3867"}],"wp:term":[{"taxonomy":"category","embeddable":true,"href":"https:\/\/agora.xtec.cat\/ceip-miquelmartipol-viladecans\/wp-json\/wp\/v2\/categories?post=3867"},{"taxonomy":"post_tag","embeddable":true,"href":"https:\/\/agora.xtec.cat\/ceip-miquelmartipol-viladecans\/wp-json\/wp\/v2\/tags?post=3867"}],"curies":[{"name":"wp","href":"https:\/\/api.w.org\/{rel}","templated":true}]}}