{"id":3616,"date":"2018-12-12T23:14:53","date_gmt":"2018-12-12T22:14:53","guid":{"rendered":"http:\/\/agora.xtec.cat\/ceip-miquelmartipol-viladecans\/?p=3616"},"modified":"2018-12-12T23:54:32","modified_gmt":"2018-12-12T22:54:32","slug":"trobant-respostes-amb-realitat-augmentada","status":"publish","type":"post","link":"https:\/\/agora.xtec.cat\/ceip-miquelmartipol-viladecans\/general\/trobant-respostes-amb-realitat-augmentada\/","title":{"rendered":"Trobant respostes amb Realitat Augmentada."},"content":{"rendered":"<p><img loading=\"lazy\" decoding=\"async\" class=\"aligncenter wp-image-3617\" src=\"https:\/\/agora.xtec.cat\/ceip-miquelmartipol-viladecans\/wp-content\/uploads\/usu1500\/2018\/12\/2018-12-12_2306.png\" alt=\"\" width=\"427\" height=\"253\" srcset=\"https:\/\/agora.xtec.cat\/ceip-miquelmartipol-viladecans\/wp-content\/uploads\/usu1500\/2018\/12\/2018-12-12_2306.png 1003w, https:\/\/agora.xtec.cat\/ceip-miquelmartipol-viladecans\/wp-content\/uploads\/usu1500\/2018\/12\/2018-12-12_2306-300x178.png 300w, https:\/\/agora.xtec.cat\/ceip-miquelmartipol-viladecans\/wp-content\/uploads\/usu1500\/2018\/12\/2018-12-12_2306-768x455.png 768w\" sizes=\"auto, (max-width: 427px) 100vw, 427px\" \/><\/p>\n<p>Els nens i les nenes de 4t estem trobant moltes de les respostes a la pregunta formulada a l&#8217;inici del projecte: \u201cPer qu\u00e8 hem de\u00a0menjar cada dia?\u201d<\/p>\n<p>Estem aprenent qu\u00e8 podem trobar dins del nostre cos i amb l&#8217;aplicaci\u00f3 Virtualli Tee estem coneixent el funcionament dels aparells de la nutrici\u00f3.<\/p>\n<p style=\"text-align: center;\"><a href=\"https:\/\/blocs.xtec.cat\/jasomaquart\/2018\/12\/11\/que-trobem-dins-del-nostre-cos\/\" target=\"_blank\" rel=\"noopener\"><span style=\"color: #000080;\"><strong>\u00a0M\u00c9S\u00a0<\/strong><\/span><strong><span style=\"color: #000080;\">INFORMACI\u00d3<\/span><\/strong><\/a><\/p>\n","protected":false},"excerpt":{"rendered":"<p>Els nens i les nenes de 4t estem trobant moltes de les respostes a la pregunta formulada a l&#8217;inici del projecte: \u201cPer qu\u00e8 hem de\u00a0menjar cada dia?\u201d<br \/>\nEstem aprenent qu\u00e8 podem trobar dins del nostre cos i amb l&#8217;aplicaci\u00f3 Virtualli Tee estem coneixent el funcionament dels&hellip;  <a href=\"https:\/\/agora.xtec.cat\/ceip-miquelmartipol-viladecans\/general\/trobant-respostes-amb-realitat-augmentada\/\" title=\"Read Trobant respostes amb Realitat Augmentada.\">Llegeix m\u00e9s\u00bb<\/a><\/p>\n","protected":false},"author":1,"featured_media":3617,"comment_status":"open","ping_status":"closed","sticky":false,"template":"","format":"standard","meta":{"_bbp_topic_count":0,"_bbp_reply_count":0,"_bbp_total_topic_count":0,"_bbp_total_reply_count":0,"_bbp_voice_count":0,"_bbp_anonymous_reply_count":0,"_bbp_topic_count_hidden":0,"_bbp_reply_count_hidden":0,"_bbp_forum_subforum_count":0,"footnotes":""},"categories":[1,82],"tags":[116,72,124],"class_list":["post-3616","post","type-post","status-publish","format-standard","has-post-thumbnail","hentry","category-general","category-quart","tag-4t","tag-projecte-interdisciplinari","tag-smartclassroom"],"post_mailing_queue_ids":[],"_links":{"self":[{"href":"https:\/\/agora.xtec.cat\/ceip-miquelmartipol-viladecans\/wp-json\/wp\/v2\/posts\/3616","targetHints":{"allow":["GET"]}}],"collection":[{"href":"https:\/\/agora.xtec.cat\/ceip-miquelmartipol-viladecans\/wp-json\/wp\/v2\/posts"}],"about":[{"href":"https:\/\/agora.xtec.cat\/ceip-miquelmartipol-viladecans\/wp-json\/wp\/v2\/types\/post"}],"author":[{"embeddable":true,"href":"https:\/\/agora.xtec.cat\/ceip-miquelmartipol-viladecans\/wp-json\/wp\/v2\/users\/1"}],"replies":[{"embeddable":true,"href":"https:\/\/agora.xtec.cat\/ceip-miquelmartipol-viladecans\/wp-json\/wp\/v2\/comments?post=3616"}],"version-history":[{"count":3,"href":"https:\/\/agora.xtec.cat\/ceip-miquelmartipol-viladecans\/wp-json\/wp\/v2\/posts\/3616\/revisions"}],"predecessor-version":[{"id":3627,"href":"https:\/\/agora.xtec.cat\/ceip-miquelmartipol-viladecans\/wp-json\/wp\/v2\/posts\/3616\/revisions\/3627"}],"wp:featuredmedia":[{"embeddable":true,"href":"https:\/\/agora.xtec.cat\/ceip-miquelmartipol-viladecans\/wp-json\/wp\/v2\/media\/3617"}],"wp:attachment":[{"href":"https:\/\/agora.xtec.cat\/ceip-miquelmartipol-viladecans\/wp-json\/wp\/v2\/media?parent=3616"}],"wp:term":[{"taxonomy":"category","embeddable":true,"href":"https:\/\/agora.xtec.cat\/ceip-miquelmartipol-viladecans\/wp-json\/wp\/v2\/categories?post=3616"},{"taxonomy":"post_tag","embeddable":true,"href":"https:\/\/agora.xtec.cat\/ceip-miquelmartipol-viladecans\/wp-json\/wp\/v2\/tags?post=3616"}],"curies":[{"name":"wp","href":"https:\/\/api.w.org\/{rel}","templated":true}]}}