{"id":3608,"date":"2018-12-10T23:51:31","date_gmt":"2018-12-10T22:51:31","guid":{"rendered":"http:\/\/agora.xtec.cat\/ceip-miquelmartipol-viladecans\/?p=3608"},"modified":"2018-12-12T23:56:13","modified_gmt":"2018-12-12T22:56:13","slug":"dimecres-a-la-piscina","status":"publish","type":"post","link":"https:\/\/agora.xtec.cat\/ceip-miquelmartipol-viladecans\/general\/dimecres-a-la-piscina\/","title":{"rendered":"Dimecres&#8230; a la piscina!"},"content":{"rendered":"<p style=\"font-weight: 400; text-align: justify;\"><a href=\"https:\/\/drive.google.com\/drive\/folders\/1usisCUg5cd20LdpZo0QNKGVgQtUnKd27?usp=sharing\" target=\"_blank\" rel=\"noopener\"><img loading=\"lazy\" decoding=\"async\" class=\"aligncenter wp-image-3609\" src=\"https:\/\/agora.xtec.cat\/ceip-miquelmartipol-viladecans\/wp-content\/uploads\/usu1500\/2018\/12\/2018-12-10_2344-1024x305.png\" alt=\"\" width=\"729\" height=\"217\" srcset=\"https:\/\/agora.xtec.cat\/ceip-miquelmartipol-viladecans\/wp-content\/uploads\/usu1500\/2018\/12\/2018-12-10_2344-1024x305.png 1024w, https:\/\/agora.xtec.cat\/ceip-miquelmartipol-viladecans\/wp-content\/uploads\/usu1500\/2018\/12\/2018-12-10_2344-300x89.png 300w, https:\/\/agora.xtec.cat\/ceip-miquelmartipol-viladecans\/wp-content\/uploads\/usu1500\/2018\/12\/2018-12-10_2344-768x228.png 768w, https:\/\/agora.xtec.cat\/ceip-miquelmartipol-viladecans\/wp-content\/uploads\/usu1500\/2018\/12\/2018-12-10_2344.png 1096w\" sizes=\"auto, (max-width: 729px) 100vw, 729px\" \/><\/a><\/p>\n<p style=\"font-weight: 400; text-align: justify;\">Els dimecres marxem a la piscina tot el mat\u00ed. \u00c9s un dia que gaudim molt, tot i que acabem esgotats.<\/p>\n<p style=\"font-weight: 400; text-align: justify;\">Ben aviat sortim tots de l\u2019escola. Els petits cada dia ho fem millor, aprenem dels grans, sobretot a esperar.<\/p>\n<p style=\"font-weight: 400; text-align: justify;\">Els grans ens ajuden molt. Ens donen les mans als petits i ens acompanyen a travessar el carrer. Tamb\u00e9 conversen amb nosaltres, ens expliquen hist\u00f2ries i ens canten can\u00e7ons.-<\/p>\n<p style=\"font-weight: 400; text-align: justify;\">Una vegada arribem a la piscina, cadasc\u00fa es fa c\u00e0rrec de les seves coses. Els grans es mostren molt aut\u00f2noms i els petits estem aprenent.<\/p>\n<p style=\"font-weight: 400; text-align: justify;\">Com us podeu imaginar dins l&#8217;aigua ens ho passem d\u2019all\u00f2 m\u00e9s b\u00e9. Fem les activitats a dues piscines diferents, per\u00f2 els \u00faltims 10 minutets juguem tots plegats.<\/p>\n<p style=\"font-weight: 400; text-align: justify;\">Quan sortim de piscina i si fa bon temps, fem algun parada al Parc de la Torre Roja. Arribem a l\u2019escola tot just per dinar&#8230; i amb molta gana!<\/p>\n","protected":false},"excerpt":{"rendered":"<p><a href=\"https:\/\/drive.google.com\/drive\/folders\/1usisCUg5cd20LdpZo0QNKGVgQtUnKd27?usp=sharing\" target=\"_blank\" rel=\"noopener\"><\/a><br \/>\nEls dimecres marxem a la piscina tot el mat\u00ed. \u00c9s un dia que gaudim molt, tot i que acabem esgotats.<br \/>\nBen aviat sortim tots de l\u2019escola. Els petits cada dia ho fem millor, aprenem dels grans, sobretot a esperar.<br \/>\nEls grans ens ajuden molt.&hellip;  <a href=\"https:\/\/agora.xtec.cat\/ceip-miquelmartipol-viladecans\/general\/dimecres-a-la-piscina\/\" title=\"Read Dimecres&#8230; a la piscina!\">Llegeix m\u00e9s\u00bb<\/a><\/p>\n","protected":false},"author":1,"featured_media":3609,"comment_status":"open","ping_status":"closed","sticky":false,"template":"","format":"standard","meta":{"_bbp_topic_count":0,"_bbp_reply_count":0,"_bbp_total_topic_count":0,"_bbp_total_reply_count":0,"_bbp_voice_count":0,"_bbp_anonymous_reply_count":0,"_bbp_topic_count_hidden":0,"_bbp_reply_count_hidden":0,"_bbp_forum_subforum_count":0,"footnotes":""},"categories":[1],"tags":[100],"class_list":["post-3608","post","type-post","status-publish","format-standard","has-post-thumbnail","hentry","category-general","tag-projectes-escola"],"post_mailing_queue_ids":[],"_links":{"self":[{"href":"https:\/\/agora.xtec.cat\/ceip-miquelmartipol-viladecans\/wp-json\/wp\/v2\/posts\/3608","targetHints":{"allow":["GET"]}}],"collection":[{"href":"https:\/\/agora.xtec.cat\/ceip-miquelmartipol-viladecans\/wp-json\/wp\/v2\/posts"}],"about":[{"href":"https:\/\/agora.xtec.cat\/ceip-miquelmartipol-viladecans\/wp-json\/wp\/v2\/types\/post"}],"author":[{"embeddable":true,"href":"https:\/\/agora.xtec.cat\/ceip-miquelmartipol-viladecans\/wp-json\/wp\/v2\/users\/1"}],"replies":[{"embeddable":true,"href":"https:\/\/agora.xtec.cat\/ceip-miquelmartipol-viladecans\/wp-json\/wp\/v2\/comments?post=3608"}],"version-history":[{"count":2,"href":"https:\/\/agora.xtec.cat\/ceip-miquelmartipol-viladecans\/wp-json\/wp\/v2\/posts\/3608\/revisions"}],"predecessor-version":[{"id":3611,"href":"https:\/\/agora.xtec.cat\/ceip-miquelmartipol-viladecans\/wp-json\/wp\/v2\/posts\/3608\/revisions\/3611"}],"wp:featuredmedia":[{"embeddable":true,"href":"https:\/\/agora.xtec.cat\/ceip-miquelmartipol-viladecans\/wp-json\/wp\/v2\/media\/3609"}],"wp:attachment":[{"href":"https:\/\/agora.xtec.cat\/ceip-miquelmartipol-viladecans\/wp-json\/wp\/v2\/media?parent=3608"}],"wp:term":[{"taxonomy":"category","embeddable":true,"href":"https:\/\/agora.xtec.cat\/ceip-miquelmartipol-viladecans\/wp-json\/wp\/v2\/categories?post=3608"},{"taxonomy":"post_tag","embeddable":true,"href":"https:\/\/agora.xtec.cat\/ceip-miquelmartipol-viladecans\/wp-json\/wp\/v2\/tags?post=3608"}],"curies":[{"name":"wp","href":"https:\/\/api.w.org\/{rel}","templated":true}]}}