{"id":3584,"date":"2018-11-27T21:56:46","date_gmt":"2018-11-27T20:56:46","guid":{"rendered":"http:\/\/agora.xtec.cat\/ceip-miquelmartipol-viladecans\/?p=3584"},"modified":"2018-11-27T22:00:05","modified_gmt":"2018-11-27T21:00:05","slug":"per-que-hem-de-menjar-cada-dia","status":"publish","type":"post","link":"https:\/\/agora.xtec.cat\/ceip-miquelmartipol-viladecans\/general\/per-que-hem-de-menjar-cada-dia\/","title":{"rendered":"Per qu\u00e8 hem de menjar cada dia?"},"content":{"rendered":"<p>Els nens i les nenes de Quart curs d&#8217;EP hem comen\u00e7at un fant\u00e0stic recorregut per tot el cos hum\u00e0. Com sempre, aprendrem fent treball cooperatiu i desenvolupant activitats transferibles a la nostra vida quotidiana. <a href=\"http:\/\/blocs.xtec.cat\/jasomaquart\/per-que-hem-de-menjar-cada-dia\/\" target=\"_blank\" rel=\"noopener\"><strong><span style=\"color: #000080;\">M\u00e9s informaci\u00f3<\/span><\/strong><\/a><\/p>\n<p>&nbsp;<\/p>\n","protected":false},"excerpt":{"rendered":"<p>Els nens i les nenes de Quart curs d&#8217;EP hem comen\u00e7at un fant\u00e0stic recorregut per tot el cos hum\u00e0. Com sempre, aprendrem fent treball cooperatiu i desenvolupant activitats transferibles a la nostra vida quotidiana. <a href=\"http:\/\/blocs.xtec.cat\/jasomaquart\/per-que-hem-de-menjar-cada-dia\/\" target=\"_blank\" rel=\"noopener\">M\u00e9s informaci\u00f3<\/a><br \/>\n&nbsp;<\/p>\n","protected":false},"author":1,"featured_media":3590,"comment_status":"open","ping_status":"closed","sticky":false,"template":"","format":"standard","meta":{"_bbp_topic_count":0,"_bbp_reply_count":0,"_bbp_total_topic_count":0,"_bbp_total_reply_count":0,"_bbp_voice_count":0,"_bbp_anonymous_reply_count":0,"_bbp_topic_count_hidden":0,"_bbp_reply_count_hidden":0,"_bbp_forum_subforum_count":0,"footnotes":""},"categories":[1],"tags":[116,72],"class_list":["post-3584","post","type-post","status-publish","format-standard","has-post-thumbnail","hentry","category-general","tag-4t","tag-projecte-interdisciplinari"],"post_mailing_queue_ids":[],"_links":{"self":[{"href":"https:\/\/agora.xtec.cat\/ceip-miquelmartipol-viladecans\/wp-json\/wp\/v2\/posts\/3584","targetHints":{"allow":["GET"]}}],"collection":[{"href":"https:\/\/agora.xtec.cat\/ceip-miquelmartipol-viladecans\/wp-json\/wp\/v2\/posts"}],"about":[{"href":"https:\/\/agora.xtec.cat\/ceip-miquelmartipol-viladecans\/wp-json\/wp\/v2\/types\/post"}],"author":[{"embeddable":true,"href":"https:\/\/agora.xtec.cat\/ceip-miquelmartipol-viladecans\/wp-json\/wp\/v2\/users\/1"}],"replies":[{"embeddable":true,"href":"https:\/\/agora.xtec.cat\/ceip-miquelmartipol-viladecans\/wp-json\/wp\/v2\/comments?post=3584"}],"version-history":[{"count":2,"href":"https:\/\/agora.xtec.cat\/ceip-miquelmartipol-viladecans\/wp-json\/wp\/v2\/posts\/3584\/revisions"}],"predecessor-version":[{"id":3592,"href":"https:\/\/agora.xtec.cat\/ceip-miquelmartipol-viladecans\/wp-json\/wp\/v2\/posts\/3584\/revisions\/3592"}],"wp:featuredmedia":[{"embeddable":true,"href":"https:\/\/agora.xtec.cat\/ceip-miquelmartipol-viladecans\/wp-json\/wp\/v2\/media\/3590"}],"wp:attachment":[{"href":"https:\/\/agora.xtec.cat\/ceip-miquelmartipol-viladecans\/wp-json\/wp\/v2\/media?parent=3584"}],"wp:term":[{"taxonomy":"category","embeddable":true,"href":"https:\/\/agora.xtec.cat\/ceip-miquelmartipol-viladecans\/wp-json\/wp\/v2\/categories?post=3584"},{"taxonomy":"post_tag","embeddable":true,"href":"https:\/\/agora.xtec.cat\/ceip-miquelmartipol-viladecans\/wp-json\/wp\/v2\/tags?post=3584"}],"curies":[{"name":"wp","href":"https:\/\/api.w.org\/{rel}","templated":true}]}}