{"id":3452,"date":"2018-10-16T15:46:32","date_gmt":"2018-10-16T13:46:32","guid":{"rendered":"http:\/\/agora.xtec.cat\/ceip-miquelmartipol-viladecans\/?p=3452"},"modified":"2018-10-17T22:59:37","modified_gmt":"2018-10-17T20:59:37","slug":"contruint-coneixements-a-p3","status":"publish","type":"post","link":"https:\/\/agora.xtec.cat\/ceip-miquelmartipol-viladecans\/general\/contruint-coneixements-a-p3\/","title":{"rendered":"Construint coneixements a P3."},"content":{"rendered":"<p><a href=\"http:\/\/blocs.xtec.cat\/mmpviladecanseducacioinfantil\/p3-2\/\" target=\"_blank\" rel=\"noopener\"><img loading=\"lazy\" decoding=\"async\" class=\"wp-image-3453 size-full aligncenter\" src=\"https:\/\/agora.xtec.cat\/ceip-miquelmartipol-viladecans\/wp-content\/uploads\/usu1500\/2018\/10\/2018-10-16_1544.png\" alt=\"\" width=\"571\" height=\"307\" srcset=\"https:\/\/agora.xtec.cat\/ceip-miquelmartipol-viladecans\/wp-content\/uploads\/usu1500\/2018\/10\/2018-10-16_1544.png 571w, https:\/\/agora.xtec.cat\/ceip-miquelmartipol-viladecans\/wp-content\/uploads\/usu1500\/2018\/10\/2018-10-16_1544-300x161.png 300w\" sizes=\"auto, (max-width: 571px) 100vw, 571px\" \/><\/a><\/p>\n<p style=\"text-align: justify;\">Els\u00a0espais\u00a0s\u00f3n molt importants en el proc\u00e9s d\u2019aprenentatge dels infants. A l\u2019escola proporcionem entorns estimuladors i estructurats perqu\u00e8 els nens i les nenes siguin lliures i aut\u00f2noms , que pensin per ells mateixos, siguin capa\u00e7os de triar, de descobrir, d\u2019experimentar, de crear, de decidir, d\u2019actuar , de formular hip\u00f2tesis, d\u2019observar, de manipular,\u2026. L\u2019aprenentatge es construeix conjuntament amb treball col\u00b7laboratiu, reconeixent la import\u00e0ncia de coordinar les accions i pensaments amb els altres , aprenen uns dels altres i uns junts amb els altres .<\/p>\n<p style=\"text-align: justify;\">A l\u2019espai cient\u00edfic, cada infant, es pot trobar en un moment evolutiu diferent, per\u00f2 tothom t\u00e9 aportacions d\u2019inter\u00e8s a fer .<\/p>\n","protected":false},"excerpt":{"rendered":"<p><a href=\"http:\/\/blocs.xtec.cat\/mmpviladecanseducacioinfantil\/p3-2\/\" target=\"_blank\" rel=\"noopener\"><\/a><br \/>\nEls\u00a0espais\u00a0s\u00f3n molt importants en el proc\u00e9s d\u2019aprenentatge dels infants. A l\u2019escola proporcionem entorns estimuladors i estructurats perqu\u00e8 els nens i les nenes siguin lliures i aut\u00f2noms , que pensin per ells mateixos, siguin capa\u00e7os de triar, de descobrir, d\u2019experimentar, de crear, de&hellip;  <a href=\"https:\/\/agora.xtec.cat\/ceip-miquelmartipol-viladecans\/general\/contruint-coneixements-a-p3\/\" title=\"Read Construint coneixements a P3.\">Llegeix m\u00e9s\u00bb<\/a><\/p>\n","protected":false},"author":1,"featured_media":3453,"comment_status":"open","ping_status":"closed","sticky":false,"template":"","format":"standard","meta":{"_bbp_topic_count":0,"_bbp_reply_count":0,"_bbp_total_topic_count":0,"_bbp_total_reply_count":0,"_bbp_voice_count":0,"_bbp_anonymous_reply_count":0,"_bbp_topic_count_hidden":0,"_bbp_reply_count_hidden":0,"_bbp_forum_subforum_count":0,"footnotes":""},"categories":[1],"tags":[],"class_list":["post-3452","post","type-post","status-publish","format-standard","has-post-thumbnail","hentry","category-general"],"post_mailing_queue_ids":[],"_links":{"self":[{"href":"https:\/\/agora.xtec.cat\/ceip-miquelmartipol-viladecans\/wp-json\/wp\/v2\/posts\/3452","targetHints":{"allow":["GET"]}}],"collection":[{"href":"https:\/\/agora.xtec.cat\/ceip-miquelmartipol-viladecans\/wp-json\/wp\/v2\/posts"}],"about":[{"href":"https:\/\/agora.xtec.cat\/ceip-miquelmartipol-viladecans\/wp-json\/wp\/v2\/types\/post"}],"author":[{"embeddable":true,"href":"https:\/\/agora.xtec.cat\/ceip-miquelmartipol-viladecans\/wp-json\/wp\/v2\/users\/1"}],"replies":[{"embeddable":true,"href":"https:\/\/agora.xtec.cat\/ceip-miquelmartipol-viladecans\/wp-json\/wp\/v2\/comments?post=3452"}],"version-history":[{"count":2,"href":"https:\/\/agora.xtec.cat\/ceip-miquelmartipol-viladecans\/wp-json\/wp\/v2\/posts\/3452\/revisions"}],"predecessor-version":[{"id":3456,"href":"https:\/\/agora.xtec.cat\/ceip-miquelmartipol-viladecans\/wp-json\/wp\/v2\/posts\/3452\/revisions\/3456"}],"wp:featuredmedia":[{"embeddable":true,"href":"https:\/\/agora.xtec.cat\/ceip-miquelmartipol-viladecans\/wp-json\/wp\/v2\/media\/3453"}],"wp:attachment":[{"href":"https:\/\/agora.xtec.cat\/ceip-miquelmartipol-viladecans\/wp-json\/wp\/v2\/media?parent=3452"}],"wp:term":[{"taxonomy":"category","embeddable":true,"href":"https:\/\/agora.xtec.cat\/ceip-miquelmartipol-viladecans\/wp-json\/wp\/v2\/categories?post=3452"},{"taxonomy":"post_tag","embeddable":true,"href":"https:\/\/agora.xtec.cat\/ceip-miquelmartipol-viladecans\/wp-json\/wp\/v2\/tags?post=3452"}],"curies":[{"name":"wp","href":"https:\/\/api.w.org\/{rel}","templated":true}]}}