{"id":3292,"date":"2018-06-26T20:41:31","date_gmt":"2018-06-26T18:41:31","guid":{"rendered":"http:\/\/agora.xtec.cat\/ceip-miquelmartipol-viladecans\/?p=3292"},"modified":"2018-06-27T15:59:46","modified_gmt":"2018-06-27T13:59:46","slug":"ens-acomiadem-del-curs","status":"publish","type":"post","link":"https:\/\/agora.xtec.cat\/ceip-miquelmartipol-viladecans\/general\/ens-acomiadem-del-curs\/","title":{"rendered":"ENS ACOMIADEM DEL CURS!"},"content":{"rendered":"<p><strong><span style=\"color: #333300;\">El passat divendres 22 de juny vam tancar el curs 2017-2018<\/span><\/strong><\/p>\n<p><strong><span style=\"color: #333300;\">Volem agrair la implicaci\u00f3 i col\u00b7laboraci\u00f3 de totes les fam\u00edlies en totes les activitats i projectes de la nostra escola.<\/span><\/strong><\/p>\n<p><strong><span style=\"color: #333300;\">Un any m\u00e9s hem pogut constatar que caminant junts fam\u00edlia i escola, l&#8217;exit est\u00e0 garantit.<\/span><\/strong><\/p>\n<p><strong><span style=\"color: #333300;\">Us deixem una mostra de fotografies de les activitats que hem realitzat per donar la benvinguda a les vacances escolars.<\/span><\/strong><\/p>\n<p><strong><span style=\"color: #333300;\">Bon estiu a tothom!<\/span><\/strong><\/p>\n<div><\/div>\n<div><\/div>\n<div><img loading=\"lazy\" decoding=\"async\" class=\"alignleft wp-image-3294\" src=\"http:\/\/agora.xtec.cat\/ceip-miquelmartipol-viladecans\/wp-content\/uploads\/usu1500\/2018\/06\/2018-06-26_2034.png\" alt=\"\" width=\"331\" height=\"175\" srcset=\"https:\/\/agora.xtec.cat\/ceip-miquelmartipol-viladecans\/wp-content\/uploads\/usu1500\/2018\/06\/2018-06-26_2034.png 898w, https:\/\/agora.xtec.cat\/ceip-miquelmartipol-viladecans\/wp-content\/uploads\/usu1500\/2018\/06\/2018-06-26_2034-300x159.png 300w, https:\/\/agora.xtec.cat\/ceip-miquelmartipol-viladecans\/wp-content\/uploads\/usu1500\/2018\/06\/2018-06-26_2034-768x406.png 768w\" sizes=\"auto, (max-width: 331px) 100vw, 331px\" \/><\/div>\n<div><\/div>\n<div><\/div>\n<p><a href=\"https:\/\/drive.google.com\/drive\/folders\/1om0GmZPl4AqW2hFJeg6iZk-frkhX9Tjs?usp=sharing\">Gimkana i festa de l&#8217;aigua educaci\u00f3 prim\u00e0ria<\/a><\/p>\n<p><a href=\"https:\/\/drive.google.com\/drive\/folders\/1pawdQKtWK0ZrWxBbT86s49bd6tC4Tot9?usp=sharing\">Festa de l&#8217;aigua educaci\u00f3 infantil<\/a><\/p>\n<p><a href=\"https:\/\/drive.google.com\/drive\/folders\/1Nryy5jaEyjW2qYqFmgxP5_33Lf3dpcJa?usp=sharing\">Ball amenitzat per mares i pares de l&#8217;escola i comiat de 6\u00e8<\/a><\/p>\n","protected":false},"excerpt":{"rendered":"<p>El passat divendres 22 de juny vam tancar el curs 2017-2018<br \/>\nVolem agrair la implicaci\u00f3 i col\u00b7laboraci\u00f3 de totes les fam\u00edlies en totes les activitats i projectes de la nostra escola.<br \/>\nUn any m\u00e9s hem pogut constatar que caminant junts fam\u00edlia i escola, l&#8217;exit est\u00e0 garantit.<br \/>\nUs deixem&hellip;  <a href=\"https:\/\/agora.xtec.cat\/ceip-miquelmartipol-viladecans\/general\/ens-acomiadem-del-curs\/\" title=\"Read ENS ACOMIADEM DEL CURS!\">Llegeix m\u00e9s\u00bb<\/a><\/p>\n","protected":false},"author":1,"featured_media":3301,"comment_status":"open","ping_status":"closed","sticky":false,"template":"","format":"standard","meta":{"_bbp_topic_count":0,"_bbp_reply_count":0,"_bbp_total_topic_count":0,"_bbp_total_reply_count":0,"_bbp_voice_count":0,"_bbp_anonymous_reply_count":0,"_bbp_topic_count_hidden":0,"_bbp_reply_count_hidden":0,"_bbp_forum_subforum_count":0,"footnotes":""},"categories":[1],"tags":[122],"class_list":["post-3292","post","type-post","status-publish","format-standard","has-post-thumbnail","hentry","category-general","tag-escola"],"post_mailing_queue_ids":[],"_links":{"self":[{"href":"https:\/\/agora.xtec.cat\/ceip-miquelmartipol-viladecans\/wp-json\/wp\/v2\/posts\/3292","targetHints":{"allow":["GET"]}}],"collection":[{"href":"https:\/\/agora.xtec.cat\/ceip-miquelmartipol-viladecans\/wp-json\/wp\/v2\/posts"}],"about":[{"href":"https:\/\/agora.xtec.cat\/ceip-miquelmartipol-viladecans\/wp-json\/wp\/v2\/types\/post"}],"author":[{"embeddable":true,"href":"https:\/\/agora.xtec.cat\/ceip-miquelmartipol-viladecans\/wp-json\/wp\/v2\/users\/1"}],"replies":[{"embeddable":true,"href":"https:\/\/agora.xtec.cat\/ceip-miquelmartipol-viladecans\/wp-json\/wp\/v2\/comments?post=3292"}],"version-history":[{"count":4,"href":"https:\/\/agora.xtec.cat\/ceip-miquelmartipol-viladecans\/wp-json\/wp\/v2\/posts\/3292\/revisions"}],"predecessor-version":[{"id":3308,"href":"https:\/\/agora.xtec.cat\/ceip-miquelmartipol-viladecans\/wp-json\/wp\/v2\/posts\/3292\/revisions\/3308"}],"wp:featuredmedia":[{"embeddable":true,"href":"https:\/\/agora.xtec.cat\/ceip-miquelmartipol-viladecans\/wp-json\/wp\/v2\/media\/3301"}],"wp:attachment":[{"href":"https:\/\/agora.xtec.cat\/ceip-miquelmartipol-viladecans\/wp-json\/wp\/v2\/media?parent=3292"}],"wp:term":[{"taxonomy":"category","embeddable":true,"href":"https:\/\/agora.xtec.cat\/ceip-miquelmartipol-viladecans\/wp-json\/wp\/v2\/categories?post=3292"},{"taxonomy":"post_tag","embeddable":true,"href":"https:\/\/agora.xtec.cat\/ceip-miquelmartipol-viladecans\/wp-json\/wp\/v2\/tags?post=3292"}],"curies":[{"name":"wp","href":"https:\/\/api.w.org\/{rel}","templated":true}]}}