{"id":3108,"date":"2018-05-11T13:41:11","date_gmt":"2018-05-11T11:41:11","guid":{"rendered":"http:\/\/agora.xtec.cat\/ceip-miquelmartipol-viladecans\/?p=3108"},"modified":"2018-05-11T13:41:11","modified_gmt":"2018-05-11T11:41:11","slug":"convidats-al-nostre-hort","status":"publish","type":"post","link":"https:\/\/agora.xtec.cat\/ceip-miquelmartipol-viladecans\/general\/convidats-al-nostre-hort\/","title":{"rendered":"Convidats al nostre hort."},"content":{"rendered":"<p style=\"text-align: justify;\"><em><img loading=\"lazy\" decoding=\"async\" class=\"alignleft wp-image-3111\" src=\"http:\/\/agora.xtec.cat\/ceip-miquelmartipol-viladecans\/wp-content\/uploads\/usu1500\/2018\/05\/2018-05-11_1327.png\" alt=\"\" width=\"323\" height=\"397\" srcset=\"https:\/\/agora.xtec.cat\/ceip-miquelmartipol-viladecans\/wp-content\/uploads\/usu1500\/2018\/05\/2018-05-11_1327.png 419w, https:\/\/agora.xtec.cat\/ceip-miquelmartipol-viladecans\/wp-content\/uploads\/usu1500\/2018\/05\/2018-05-11_1327-245x300.png 245w\" sizes=\"auto, (max-width: 323px) 100vw, 323px\" \/><\/em>Us volem informar, que durant el desenvolupament de les nostres tasques setmanals de cura, neteja i manteniment del nostre hort,en el taller de jardineria, ens v\u00e0rem endur una gran sorpresa.<\/p>\n<p style=\"text-align: justify;\"><strong><u>Dues parelles d\u2019ocells, l\u2019han escollit per fer el seu niu.<\/u><\/strong> La menta i l\u2019alf\u00e0brega han sigut les plantes escollides per establir-se.<\/p>\n<p style=\"text-align: justify;\">Aix\u00ed, amb l\u2019arribada de la primavera, tenim una nova feina a fer. Hem de ser curosos i protegir aquests dos nius per tal que puguin posar els ous.<\/p>\n<p style=\"text-align: justify;\">Estem molt il\u00b7lusionats amb aquesta nova troballa, ens envaeix una gran emoci\u00f3\u00a0 i alhora tenim una gran responsabilitat.<\/p>\n<p style=\"text-align: justify;\">Aprofitem l\u2019ocasi\u00f3, per fer-vos saber que tamb\u00e9 hem comen\u00e7at a recollir. Pastanagues i p\u00e8sols varen ser la collita del dijous passat.<\/p>\n<hr \/>\n<p style=\"text-align: justify;\"><img loading=\"lazy\" decoding=\"async\" class=\"aligncenter wp-image-3113 size-full\" src=\"http:\/\/agora.xtec.cat\/ceip-miquelmartipol-viladecans\/wp-content\/uploads\/usu1500\/2018\/05\/2018-05-11_1329.png\" alt=\"\" width=\"550\" height=\"262\" srcset=\"https:\/\/agora.xtec.cat\/ceip-miquelmartipol-viladecans\/wp-content\/uploads\/usu1500\/2018\/05\/2018-05-11_1329.png 550w, https:\/\/agora.xtec.cat\/ceip-miquelmartipol-viladecans\/wp-content\/uploads\/usu1500\/2018\/05\/2018-05-11_1329-300x143.png 300w\" sizes=\"auto, (max-width: 550px) 100vw, 550px\" \/><\/p>\n<p style=\"text-align: center;\"><strong>El nostre hort \u00e9s tan acollidor i bonic que fins i tot, els ocells volen que sigui casa seva<\/strong>.<\/p>\n","protected":false},"excerpt":{"rendered":"<p>Us volem informar, que durant el desenvolupament de les nostres tasques setmanals de cura, neteja i manteniment del nostre hort,en el taller de jardineria, ens v\u00e0rem endur una gran sorpresa.<br \/>\nDues parelles d\u2019ocells, l\u2019han escollit per fer el seu niu. La menta i l\u2019alf\u00e0brega han sigut&hellip;  <a href=\"https:\/\/agora.xtec.cat\/ceip-miquelmartipol-viladecans\/general\/convidats-al-nostre-hort\/\" title=\"Read Convidats al nostre hort.\">Llegeix m\u00e9s\u00bb<\/a><\/p>\n","protected":false},"author":1,"featured_media":3111,"comment_status":"open","ping_status":"closed","sticky":false,"template":"","format":"standard","meta":{"_bbp_topic_count":0,"_bbp_reply_count":0,"_bbp_total_topic_count":0,"_bbp_total_reply_count":0,"_bbp_voice_count":0,"_bbp_anonymous_reply_count":0,"_bbp_topic_count_hidden":0,"_bbp_reply_count_hidden":0,"_bbp_forum_subforum_count":0,"footnotes":""},"categories":[1],"tags":[],"class_list":["post-3108","post","type-post","status-publish","format-standard","has-post-thumbnail","hentry","category-general"],"post_mailing_queue_ids":[],"_links":{"self":[{"href":"https:\/\/agora.xtec.cat\/ceip-miquelmartipol-viladecans\/wp-json\/wp\/v2\/posts\/3108","targetHints":{"allow":["GET"]}}],"collection":[{"href":"https:\/\/agora.xtec.cat\/ceip-miquelmartipol-viladecans\/wp-json\/wp\/v2\/posts"}],"about":[{"href":"https:\/\/agora.xtec.cat\/ceip-miquelmartipol-viladecans\/wp-json\/wp\/v2\/types\/post"}],"author":[{"embeddable":true,"href":"https:\/\/agora.xtec.cat\/ceip-miquelmartipol-viladecans\/wp-json\/wp\/v2\/users\/1"}],"replies":[{"embeddable":true,"href":"https:\/\/agora.xtec.cat\/ceip-miquelmartipol-viladecans\/wp-json\/wp\/v2\/comments?post=3108"}],"version-history":[{"count":3,"href":"https:\/\/agora.xtec.cat\/ceip-miquelmartipol-viladecans\/wp-json\/wp\/v2\/posts\/3108\/revisions"}],"predecessor-version":[{"id":3115,"href":"https:\/\/agora.xtec.cat\/ceip-miquelmartipol-viladecans\/wp-json\/wp\/v2\/posts\/3108\/revisions\/3115"}],"wp:featuredmedia":[{"embeddable":true,"href":"https:\/\/agora.xtec.cat\/ceip-miquelmartipol-viladecans\/wp-json\/wp\/v2\/media\/3111"}],"wp:attachment":[{"href":"https:\/\/agora.xtec.cat\/ceip-miquelmartipol-viladecans\/wp-json\/wp\/v2\/media?parent=3108"}],"wp:term":[{"taxonomy":"category","embeddable":true,"href":"https:\/\/agora.xtec.cat\/ceip-miquelmartipol-viladecans\/wp-json\/wp\/v2\/categories?post=3108"},{"taxonomy":"post_tag","embeddable":true,"href":"https:\/\/agora.xtec.cat\/ceip-miquelmartipol-viladecans\/wp-json\/wp\/v2\/tags?post=3108"}],"curies":[{"name":"wp","href":"https:\/\/api.w.org\/{rel}","templated":true}]}}