{"id":2797,"date":"2018-03-16T13:17:37","date_gmt":"2018-03-16T12:17:37","guid":{"rendered":"http:\/\/agora.xtec.cat\/ceip-miquelmartipol-viladecans\/?p=2797"},"modified":"2018-03-16T14:17:49","modified_gmt":"2018-03-16T13:17:49","slug":"trobada-de-korfbal-6e","status":"publish","type":"post","link":"https:\/\/agora.xtec.cat\/ceip-miquelmartipol-viladecans\/general\/trobada-de-korfbal-6e\/","title":{"rendered":"TROBADA DE KORFBAL 6\u00e8"},"content":{"rendered":"<p>Aquest curs hem tornat a participar a la trobada de korfbal entre escoles de Viladecans, Gav\u00e0, Sant Climent i L&#8217;Hospitalet de Ll. Ha estat la vintena edici\u00f3 i el primer cop que es premiava el joc net durant la jornada. El Consell Esportiu del Baix Llobregat ha impulsat una iniciativa anomenada &#8220;Juga verd play&#8221; que intenta fomentar el respecte i la bona pr\u00e0ctica en el m\u00f3n de l&#8217;esport. La nostra escola ha estat una de les tres premiades en la trobada, ja que ha estat de les que m\u00e9s targetes verdes ha rebut. Moltes felicitats a tot l&#8217;alumnat de sis\u00e8. La jornada ha anat molt b\u00e9 i hem gaudit d&#8217;un dia molt favorable per a la pr\u00e0ctica del korfbal a l&#8217;aire lliure. Si feu click a la imatge podreu veure fotos de la jornada.<\/p>\n<p><a href=\"https:\/\/drive.google.com\/drive\/folders\/1kgeTIwYzpQlMikkn-UoO_fFmjwtaNmtz?usp=sharing\" target=\"_blank\" rel=\"noopener noreferrer\"><img loading=\"lazy\" decoding=\"async\" class=\"aligncenter wp-image-2798 size-full\" src=\"http:\/\/agora.xtec.cat\/ceip-miquelmartipol-viladecans\/wp-content\/uploads\/usu1500\/2018\/03\/korf-e1521202142557.png\" alt=\"\" width=\"341\" height=\"220\" srcset=\"https:\/\/agora.xtec.cat\/ceip-miquelmartipol-viladecans\/wp-content\/uploads\/usu1500\/2018\/03\/korf-e1521202142557.png 341w, https:\/\/agora.xtec.cat\/ceip-miquelmartipol-viladecans\/wp-content\/uploads\/usu1500\/2018\/03\/korf-e1521202142557-300x194.png 300w\" sizes=\"auto, (max-width: 341px) 100vw, 341px\" \/><\/a><\/p>\n","protected":false},"excerpt":{"rendered":"<p>Aquest curs hem tornat a participar a la trobada de korfbal entre escoles de Viladecans, Gav\u00e0, Sant Climent i L&#8217;Hospitalet de Ll. Ha estat la vintena edici\u00f3 i el primer cop que es premiava el joc net durant la jornada. El Consell Esportiu del Baix&hellip;  <a href=\"https:\/\/agora.xtec.cat\/ceip-miquelmartipol-viladecans\/general\/trobada-de-korfbal-6e\/\" title=\"Read TROBADA DE KORFBAL 6\u00e8\">Llegeix m\u00e9s\u00bb<\/a><\/p>\n","protected":false},"author":7,"featured_media":0,"comment_status":"open","ping_status":"closed","sticky":false,"template":"","format":"standard","meta":{"_bbp_topic_count":0,"_bbp_reply_count":0,"_bbp_total_topic_count":0,"_bbp_total_reply_count":0,"_bbp_voice_count":0,"_bbp_anonymous_reply_count":0,"_bbp_topic_count_hidden":0,"_bbp_reply_count_hidden":0,"_bbp_forum_subforum_count":0,"footnotes":""},"categories":[94,1],"tags":[117,108],"class_list":["post-2797","post","type-post","status-publish","format-standard","hentry","category-educacio-fisica","category-general","tag-cicle-superior","tag-educacio-fisica"],"post_mailing_queue_ids":[],"_links":{"self":[{"href":"https:\/\/agora.xtec.cat\/ceip-miquelmartipol-viladecans\/wp-json\/wp\/v2\/posts\/2797","targetHints":{"allow":["GET"]}}],"collection":[{"href":"https:\/\/agora.xtec.cat\/ceip-miquelmartipol-viladecans\/wp-json\/wp\/v2\/posts"}],"about":[{"href":"https:\/\/agora.xtec.cat\/ceip-miquelmartipol-viladecans\/wp-json\/wp\/v2\/types\/post"}],"author":[{"embeddable":true,"href":"https:\/\/agora.xtec.cat\/ceip-miquelmartipol-viladecans\/wp-json\/wp\/v2\/users\/7"}],"replies":[{"embeddable":true,"href":"https:\/\/agora.xtec.cat\/ceip-miquelmartipol-viladecans\/wp-json\/wp\/v2\/comments?post=2797"}],"version-history":[{"count":3,"href":"https:\/\/agora.xtec.cat\/ceip-miquelmartipol-viladecans\/wp-json\/wp\/v2\/posts\/2797\/revisions"}],"predecessor-version":[{"id":2801,"href":"https:\/\/agora.xtec.cat\/ceip-miquelmartipol-viladecans\/wp-json\/wp\/v2\/posts\/2797\/revisions\/2801"}],"wp:attachment":[{"href":"https:\/\/agora.xtec.cat\/ceip-miquelmartipol-viladecans\/wp-json\/wp\/v2\/media?parent=2797"}],"wp:term":[{"taxonomy":"category","embeddable":true,"href":"https:\/\/agora.xtec.cat\/ceip-miquelmartipol-viladecans\/wp-json\/wp\/v2\/categories?post=2797"},{"taxonomy":"post_tag","embeddable":true,"href":"https:\/\/agora.xtec.cat\/ceip-miquelmartipol-viladecans\/wp-json\/wp\/v2\/tags?post=2797"}],"curies":[{"name":"wp","href":"https:\/\/api.w.org\/{rel}","templated":true}]}}