{"id":2644,"date":"2018-02-23T10:03:58","date_gmt":"2018-02-23T09:03:58","guid":{"rendered":"http:\/\/agora.xtec.cat\/ceip-miquelmartipol-viladecans\/?p=2644"},"modified":"2018-03-22T23:58:14","modified_gmt":"2018-03-22T22:58:14","slug":"dissenyem-poligons-amb-pro-bots","status":"publish","type":"post","link":"https:\/\/agora.xtec.cat\/ceip-miquelmartipol-viladecans\/general\/dissenyem-poligons-amb-pro-bots\/","title":{"rendered":"Dissenyem pol\u00edgons amb Pro-bots!"},"content":{"rendered":"<p style=\"text-align: justify;\"><img loading=\"lazy\" decoding=\"async\" class=\"alignleft wp-image-2648\" src=\"http:\/\/agora.xtec.cat\/ceip-miquelmartipol-viladecans\/wp-content\/uploads\/usu1500\/2018\/02\/2018-02-22_2234.png\" alt=\"\" width=\"320\" height=\"242\" srcset=\"https:\/\/agora.xtec.cat\/ceip-miquelmartipol-viladecans\/wp-content\/uploads\/usu1500\/2018\/02\/2018-02-22_2234.png 839w, https:\/\/agora.xtec.cat\/ceip-miquelmartipol-viladecans\/wp-content\/uploads\/usu1500\/2018\/02\/2018-02-22_2234-300x227.png 300w, https:\/\/agora.xtec.cat\/ceip-miquelmartipol-viladecans\/wp-content\/uploads\/usu1500\/2018\/02\/2018-02-22_2234-768x580.png 768w, https:\/\/agora.xtec.cat\/ceip-miquelmartipol-viladecans\/wp-content\/uploads\/usu1500\/2018\/02\/2018-02-22_2234-200x150.png 200w\" sizes=\"auto, (max-width: 320px) 100vw, 320px\" \/>Els alumnes de 5\u00e8 de prim\u00e0ria estan treballant els angles (classificaci\u00f3, construcci\u00f3, figures geom\u00e8triques&#8230;) i avui hem pogut fer una pr\u00e0ctica de rob\u00f2tica educativa amb el Pro-Bot, un robot que permet la seva programaci\u00f3 a trav\u00e9s de les instruccions o seq\u00fc\u00e8ncies d&#8217;ordre que nosaltres li donem. Els ha estat molt \u00fatil per treballar els pol\u00edgons i fer dibuixos, com ara el quadrat i el triangle.<\/p>\n<p style=\"text-align: justify;\"><span style=\"color: #000000;\">Els ha agradat molt aquesta sessi\u00f3 de rob\u00f2tica perqu\u00e8 \u00e9s una manera molt innovadora i atractiva per adquirir els coneixements\u00a0, ja que tots i totes han estat molt participatius i molt motivats per entendre tot el que fa refer\u00e8ncia als angles.\u00a0<\/span><\/p>\n<p style=\"text-align: justify;\"><span style=\"color: #000000;\"><a href=\"https:\/\/photos.google.com\/share\/AF1QipOTAZ-Y-3oCxy8nnJTitnZnRy5GfqNLJhRcdDsiDPhWTQxR4YW2FziPZb_2AAo_pw?key=ZFdjX29GbElPMzFORENybTQwNjNTWjh5OXNRRWRn\"><strong><span style=\"color: #993366;\">Aqu\u00ed<\/span><\/strong><\/a> us deixem una petita mostra de l&#8217;inter\u00e8s i curiositat que han demostrat a l&#8217;aula.<\/span><\/p>\n<p>&nbsp;<\/p>\n","protected":false},"excerpt":{"rendered":"<p>Els alumnes de 5\u00e8 de prim\u00e0ria estan treballant els angles (classificaci\u00f3, construcci\u00f3, figures geom\u00e8triques&#8230;) i avui hem pogut fer una pr\u00e0ctica de rob\u00f2tica educativa amb el Pro-Bot, un robot que permet la seva programaci\u00f3 a trav\u00e9s de les instruccions o seq\u00fc\u00e8ncies d&#8217;ordre que nosaltres li&hellip;  <a href=\"https:\/\/agora.xtec.cat\/ceip-miquelmartipol-viladecans\/general\/dissenyem-poligons-amb-pro-bots\/\" title=\"Read Dissenyem pol\u00edgons amb Pro-bots!\">Llegeix m\u00e9s\u00bb<\/a><\/p>\n","protected":false},"author":1,"featured_media":0,"comment_status":"open","ping_status":"closed","sticky":false,"template":"","format":"standard","meta":{"_bbp_topic_count":0,"_bbp_reply_count":0,"_bbp_total_topic_count":0,"_bbp_total_reply_count":0,"_bbp_voice_count":0,"_bbp_anonymous_reply_count":0,"_bbp_topic_count_hidden":0,"_bbp_reply_count_hidden":0,"_bbp_forum_subforum_count":0,"footnotes":""},"categories":[1],"tags":[],"class_list":["post-2644","post","type-post","status-publish","format-standard","hentry","category-general"],"post_mailing_queue_ids":[],"_links":{"self":[{"href":"https:\/\/agora.xtec.cat\/ceip-miquelmartipol-viladecans\/wp-json\/wp\/v2\/posts\/2644","targetHints":{"allow":["GET"]}}],"collection":[{"href":"https:\/\/agora.xtec.cat\/ceip-miquelmartipol-viladecans\/wp-json\/wp\/v2\/posts"}],"about":[{"href":"https:\/\/agora.xtec.cat\/ceip-miquelmartipol-viladecans\/wp-json\/wp\/v2\/types\/post"}],"author":[{"embeddable":true,"href":"https:\/\/agora.xtec.cat\/ceip-miquelmartipol-viladecans\/wp-json\/wp\/v2\/users\/1"}],"replies":[{"embeddable":true,"href":"https:\/\/agora.xtec.cat\/ceip-miquelmartipol-viladecans\/wp-json\/wp\/v2\/comments?post=2644"}],"version-history":[{"count":3,"href":"https:\/\/agora.xtec.cat\/ceip-miquelmartipol-viladecans\/wp-json\/wp\/v2\/posts\/2644\/revisions"}],"predecessor-version":[{"id":2651,"href":"https:\/\/agora.xtec.cat\/ceip-miquelmartipol-viladecans\/wp-json\/wp\/v2\/posts\/2644\/revisions\/2651"}],"wp:attachment":[{"href":"https:\/\/agora.xtec.cat\/ceip-miquelmartipol-viladecans\/wp-json\/wp\/v2\/media?parent=2644"}],"wp:term":[{"taxonomy":"category","embeddable":true,"href":"https:\/\/agora.xtec.cat\/ceip-miquelmartipol-viladecans\/wp-json\/wp\/v2\/categories?post=2644"},{"taxonomy":"post_tag","embeddable":true,"href":"https:\/\/agora.xtec.cat\/ceip-miquelmartipol-viladecans\/wp-json\/wp\/v2\/tags?post=2644"}],"curies":[{"name":"wp","href":"https:\/\/api.w.org\/{rel}","templated":true}]}}