{"id":11023,"date":"2026-04-29T15:28:29","date_gmt":"2026-04-29T13:28:29","guid":{"rendered":"https:\/\/agora.xtec.cat\/ceip-miquelmartipol-viladecans\/?p=11023"},"modified":"2026-04-29T15:28:29","modified_gmt":"2026-04-29T13:28:29","slug":"nou-podcast-diada-de-sant-jordi","status":"publish","type":"post","link":"https:\/\/agora.xtec.cat\/ceip-miquelmartipol-viladecans\/general\/nou-podcast-diada-de-sant-jordi\/","title":{"rendered":"Nou P\u00f2dcast: Diada de Sant Jordi."},"content":{"rendered":"<p>Amb motiu de la diada de Sant Jordi, a l\u2019escola hem viscut una jornada plena d\u2019activitats, conviv\u00e8ncia i il\u00b7lusi\u00f3. Aquest any, l\u2019alumnat de 6\u00e8 ha volgut recollir i compartir aquesta experi\u00e8ncia d\u2019una manera molt especial: a trav\u00e9s d\u2019un nou p\u00f2dcast.<\/p>\n<p>En aquest episodi, els alumnes de 6\u00e8 expliquen com van viure el dia de Sant Jordi i donen veu als diferents protagonistes de la jornada. Hi podreu trobar entrevistes a infants d\u2019educaci\u00f3 infantil, de cicle inicial i mitj\u00e0, que comparteixen les seves viv\u00e8ncies i opinions.<\/p>\n<p>A m\u00e9s, el p\u00f2dcast inclou recomanacions liter\u00e0ries fetes pels mateixos alumnes de sis\u00e8, per continuar fomentant el gust per la lectura tamb\u00e9 des de casa.<\/p>\n<p>Esperem que el gaudiu tant com nosaltres fent-lo! <a href=\"https:\/\/blocs.xtec.cat\/unapassejadapercinque\/2026\/04\/29\/podcast-diada-de-sant-jordi\/\">Llegeix m\u00e9s<\/a>.<\/p>\n","protected":false},"excerpt":{"rendered":"<p>Amb motiu de la diada de Sant Jordi, a l\u2019escola hem viscut una jornada plena d\u2019activitats, conviv\u00e8ncia i il\u00b7lusi\u00f3. Aquest any, l\u2019alumnat de 6\u00e8 ha volgut recollir i compartir aquesta experi\u00e8ncia d\u2019una manera molt especial: a trav\u00e9s d\u2019un nou p\u00f2dcast.<br \/>\nEn aquest episodi, els alumnes de&hellip;  <a href=\"https:\/\/agora.xtec.cat\/ceip-miquelmartipol-viladecans\/general\/nou-podcast-diada-de-sant-jordi\/\" title=\"Read Nou P\u00f2dcast: Diada de Sant Jordi.\">Llegeix m\u00e9s\u00bb<\/a><\/p>\n","protected":false},"author":1,"featured_media":11024,"comment_status":"open","ping_status":"open","sticky":false,"template":"","format":"standard","meta":{"_bbp_topic_count":0,"_bbp_reply_count":0,"_bbp_total_topic_count":0,"_bbp_total_reply_count":0,"_bbp_voice_count":0,"_bbp_anonymous_reply_count":0,"_bbp_topic_count_hidden":0,"_bbp_reply_count_hidden":0,"_bbp_forum_subforum_count":0,"footnotes":""},"categories":[1],"tags":[234,19,117,232,237],"class_list":["post-11023","post","type-post","status-publish","format-standard","has-post-thumbnail","hentry","category-general","tag-6e","tag-audiovisuals","tag-cicle-superior","tag-participacio-alumnat","tag-projecte-escola"],"post_mailing_queue_ids":[],"_links":{"self":[{"href":"https:\/\/agora.xtec.cat\/ceip-miquelmartipol-viladecans\/wp-json\/wp\/v2\/posts\/11023","targetHints":{"allow":["GET"]}}],"collection":[{"href":"https:\/\/agora.xtec.cat\/ceip-miquelmartipol-viladecans\/wp-json\/wp\/v2\/posts"}],"about":[{"href":"https:\/\/agora.xtec.cat\/ceip-miquelmartipol-viladecans\/wp-json\/wp\/v2\/types\/post"}],"author":[{"embeddable":true,"href":"https:\/\/agora.xtec.cat\/ceip-miquelmartipol-viladecans\/wp-json\/wp\/v2\/users\/1"}],"replies":[{"embeddable":true,"href":"https:\/\/agora.xtec.cat\/ceip-miquelmartipol-viladecans\/wp-json\/wp\/v2\/comments?post=11023"}],"version-history":[{"count":1,"href":"https:\/\/agora.xtec.cat\/ceip-miquelmartipol-viladecans\/wp-json\/wp\/v2\/posts\/11023\/revisions"}],"predecessor-version":[{"id":11025,"href":"https:\/\/agora.xtec.cat\/ceip-miquelmartipol-viladecans\/wp-json\/wp\/v2\/posts\/11023\/revisions\/11025"}],"wp:featuredmedia":[{"embeddable":true,"href":"https:\/\/agora.xtec.cat\/ceip-miquelmartipol-viladecans\/wp-json\/wp\/v2\/media\/11024"}],"wp:attachment":[{"href":"https:\/\/agora.xtec.cat\/ceip-miquelmartipol-viladecans\/wp-json\/wp\/v2\/media?parent=11023"}],"wp:term":[{"taxonomy":"category","embeddable":true,"href":"https:\/\/agora.xtec.cat\/ceip-miquelmartipol-viladecans\/wp-json\/wp\/v2\/categories?post=11023"},{"taxonomy":"post_tag","embeddable":true,"href":"https:\/\/agora.xtec.cat\/ceip-miquelmartipol-viladecans\/wp-json\/wp\/v2\/tags?post=11023"}],"curies":[{"name":"wp","href":"https:\/\/api.w.org\/{rel}","templated":true}]}}