{"id":10989,"date":"2026-04-08T11:48:24","date_gmt":"2026-04-08T09:48:24","guid":{"rendered":"https:\/\/agora.xtec.cat\/ceip-miquelmartipol-viladecans\/?p=10989"},"modified":"2026-04-08T11:49:12","modified_gmt":"2026-04-08T09:49:12","slug":"som-diversitat-el-missatge-de-lonu-es-parla-en-totes-les-nostres-llengues","status":"publish","type":"post","link":"https:\/\/agora.xtec.cat\/ceip-miquelmartipol-viladecans\/general\/som-diversitat-el-missatge-de-lonu-es-parla-en-totes-les-nostres-llengues\/","title":{"rendered":"Som diversitat: el missatge de l&#8217;ONU es parla en totes les nostres lleng\u00fces."},"content":{"rendered":"<p><span style=\"font-weight: 400;\">El passat 21 de febrer celebr\u00e0vem el <strong>Dia Internacional de la Llengua Materna<\/strong> amb el repte de recollir totes les veus de l\u2019escola. Avui, aquest repte s\u2019ha convertit en el nostre <strong>Llibre Blanc de les Lleng\u00fces Maternes<\/strong> de centre.<\/span><\/p>\n<p><span style=\"font-weight: 400;\">Aquest document \u00e9s una pe\u00e7a col\u00b7lectiva \u00fanica on un mateix missatge d&#8217;unitat \u2014l&#8217;article de les Nacions Unides sobre el respecte a les lleng\u00fces\u2014 es tradueix a cadascuna de les lleng\u00fces de les fam\u00edlies del nostre centre. Des de l\u2019\u00e0rab a <\/span> <span style=\"font-weight: 400;\">l\u2019hindi, passant per l\u2019itali\u00e0, el roman\u00e8s, el castell\u00e0 o el catal\u00e0, cada p\u00e0gina ens recorda que el respecte \u00e9s un llenguatge universal.<\/span><\/p>\n<p><span style=\"font-weight: 400;\">A m\u00e9s, aquest projecte s\u2019integra en el Llibre Blanc municipal, on les veus de la Yaiza Garm\u00e1n (6\u00e8 A) i el Sebastian Manolache (I4 B) han posat so i emoci\u00f3 a aquesta iniciativa del CRP del Baix Llobregat.\u00a0<\/span><\/p>\n<p><span style=\"font-weight: 400;\">Us convidem a llegir el <a href=\"https:\/\/agora.xtec.cat\/ceip-miquelmartipol-viladecans\/wp-content\/uploads\/usu1500\/2026\/04\/LBLM-Escola-Miquel-Marti-i-Pol-2026.pdf\">document<\/a> i a celebrar que el multiling\u00fcisme \u00e9s la nostra millor eina d\u2019obertura al m\u00f3n.<\/span><\/p>\n","protected":false},"excerpt":{"rendered":"<p>El passat 21 de febrer celebr\u00e0vem el Dia Internacional de la Llengua Materna amb el repte de recollir totes les veus de l\u2019escola. Avui, aquest repte s\u2019ha convertit en el nostre Llibre Blanc de les Lleng\u00fces Maternes de centre.<br \/>\nAquest document \u00e9s una pe\u00e7a col\u00b7lectiva \u00fanica&hellip;  <a href=\"https:\/\/agora.xtec.cat\/ceip-miquelmartipol-viladecans\/general\/som-diversitat-el-missatge-de-lonu-es-parla-en-totes-les-nostres-llengues\/\" title=\"Read Som diversitat: el missatge de l&#8217;ONU es parla en totes les nostres lleng\u00fces.\">Llegeix m\u00e9s\u00bb<\/a><\/p>\n","protected":false},"author":1,"featured_media":10991,"comment_status":"open","ping_status":"open","sticky":false,"template":"","format":"standard","meta":{"_bbp_topic_count":0,"_bbp_reply_count":0,"_bbp_total_topic_count":0,"_bbp_total_reply_count":0,"_bbp_voice_count":0,"_bbp_anonymous_reply_count":0,"_bbp_topic_count_hidden":0,"_bbp_reply_count_hidden":0,"_bbp_forum_subforum_count":0,"footnotes":""},"categories":[1],"tags":[308,232,206,237],"class_list":["post-10989","post","type-post","status-publish","format-standard","has-post-thumbnail","hentry","category-general","tag-llengua","tag-participacio-alumnat","tag-participacio-families","tag-projecte-escola"],"post_mailing_queue_ids":[],"_links":{"self":[{"href":"https:\/\/agora.xtec.cat\/ceip-miquelmartipol-viladecans\/wp-json\/wp\/v2\/posts\/10989","targetHints":{"allow":["GET"]}}],"collection":[{"href":"https:\/\/agora.xtec.cat\/ceip-miquelmartipol-viladecans\/wp-json\/wp\/v2\/posts"}],"about":[{"href":"https:\/\/agora.xtec.cat\/ceip-miquelmartipol-viladecans\/wp-json\/wp\/v2\/types\/post"}],"author":[{"embeddable":true,"href":"https:\/\/agora.xtec.cat\/ceip-miquelmartipol-viladecans\/wp-json\/wp\/v2\/users\/1"}],"replies":[{"embeddable":true,"href":"https:\/\/agora.xtec.cat\/ceip-miquelmartipol-viladecans\/wp-json\/wp\/v2\/comments?post=10989"}],"version-history":[{"count":2,"href":"https:\/\/agora.xtec.cat\/ceip-miquelmartipol-viladecans\/wp-json\/wp\/v2\/posts\/10989\/revisions"}],"predecessor-version":[{"id":10993,"href":"https:\/\/agora.xtec.cat\/ceip-miquelmartipol-viladecans\/wp-json\/wp\/v2\/posts\/10989\/revisions\/10993"}],"wp:featuredmedia":[{"embeddable":true,"href":"https:\/\/agora.xtec.cat\/ceip-miquelmartipol-viladecans\/wp-json\/wp\/v2\/media\/10991"}],"wp:attachment":[{"href":"https:\/\/agora.xtec.cat\/ceip-miquelmartipol-viladecans\/wp-json\/wp\/v2\/media?parent=10989"}],"wp:term":[{"taxonomy":"category","embeddable":true,"href":"https:\/\/agora.xtec.cat\/ceip-miquelmartipol-viladecans\/wp-json\/wp\/v2\/categories?post=10989"},{"taxonomy":"post_tag","embeddable":true,"href":"https:\/\/agora.xtec.cat\/ceip-miquelmartipol-viladecans\/wp-json\/wp\/v2\/tags?post=10989"}],"curies":[{"name":"wp","href":"https:\/\/api.w.org\/{rel}","templated":true}]}}