{"id":10985,"date":"2026-03-26T17:47:27","date_gmt":"2026-03-26T16:47:27","guid":{"rendered":"https:\/\/agora.xtec.cat\/ceip-miquelmartipol-viladecans\/?p=10985"},"modified":"2026-03-26T17:47:27","modified_gmt":"2026-03-26T16:47:27","slug":"28a-trobada-de-korfbal","status":"publish","type":"post","link":"https:\/\/agora.xtec.cat\/ceip-miquelmartipol-viladecans\/educacio-fisica\/28a-trobada-de-korfbal\/","title":{"rendered":"28\u00aa Trobada de Korfbal"},"content":{"rendered":"<p data-pm-slice=\"1 1 []\">Aquest curs hem tornat a participar en la trobada de korfbal entre escoles de diferents municipis: Viladecans, Gav\u00e0 i Sant Climent. L&#8217;alumnat de sis\u00e8 ha participat en la 28a trobada organitzada pel grup de mestres d&#8217;educaci\u00f3 f\u00edsica de la zona. Ha estat una jornada molt intensa i amb molts partits disputats, on l&#8217;alumnat de cada centre ha posat en pr\u00e0ctica tot el que ha apr\u00e8s d&#8217;aquest esport mixt. Cada curs participem amb l&#8217;alumnat m\u00e9s gran del nostre centre en una trobada espec\u00edfica d&#8217;esports d&#8217;equip, aquest any ens ha tocat gaudir del korfbal. A la seg\u00fcent imatge trobareu un seguit de fotos de la jornada.<\/p>\n<p data-pm-slice=\"1 1 []\"><a href=\"https:\/\/drive.google.com\/drive\/folders\/1EECoNoVUDH5KwRk-6PqxE0NwA6e9vs6l?usp=sharing\" target=\"_blank\" rel=\"noopener\"><img loading=\"lazy\" decoding=\"async\" class=\"aligncenter wp-image-10986\" src=\"https:\/\/agora.xtec.cat\/ceip-miquelmartipol-viladecans\/wp-content\/uploads\/usu1500\/2026\/03\/IMG_20260326_12034300-1024x768.jpg\" alt=\"\" width=\"470\" height=\"353\" srcset=\"https:\/\/agora.xtec.cat\/ceip-miquelmartipol-viladecans\/wp-content\/uploads\/usu1500\/2026\/03\/IMG_20260326_12034300-1024x768.jpg 1024w, https:\/\/agora.xtec.cat\/ceip-miquelmartipol-viladecans\/wp-content\/uploads\/usu1500\/2026\/03\/IMG_20260326_12034300-300x225.jpg 300w, https:\/\/agora.xtec.cat\/ceip-miquelmartipol-viladecans\/wp-content\/uploads\/usu1500\/2026\/03\/IMG_20260326_12034300-768x576.jpg 768w, https:\/\/agora.xtec.cat\/ceip-miquelmartipol-viladecans\/wp-content\/uploads\/usu1500\/2026\/03\/IMG_20260326_12034300-1536x1152.jpg 1536w, https:\/\/agora.xtec.cat\/ceip-miquelmartipol-viladecans\/wp-content\/uploads\/usu1500\/2026\/03\/IMG_20260326_12034300-2048x1536.jpg 2048w, https:\/\/agora.xtec.cat\/ceip-miquelmartipol-viladecans\/wp-content\/uploads\/usu1500\/2026\/03\/IMG_20260326_12034300-200x150.jpg 200w\" sizes=\"auto, (max-width: 470px) 100vw, 470px\" \/><\/a><\/p>\n","protected":false},"excerpt":{"rendered":"<p>Aquest curs hem tornat a participar en la trobada de korfbal entre escoles de diferents municipis: Viladecans, Gav\u00e0 i Sant Climent. L&#8217;alumnat de sis\u00e8 ha participat en la 28a trobada organitzada pel grup de mestres d&#8217;educaci\u00f3 f\u00edsica de la zona. Ha estat una jornada molt&hellip;  <a href=\"https:\/\/agora.xtec.cat\/ceip-miquelmartipol-viladecans\/educacio-fisica\/28a-trobada-de-korfbal\/\" title=\"Read 28\u00aa Trobada de Korfbal\">Llegeix m\u00e9s\u00bb<\/a><\/p>\n","protected":false},"author":7,"featured_media":10987,"comment_status":"open","ping_status":"open","sticky":false,"template":"","format":"standard","meta":{"_bbp_topic_count":0,"_bbp_reply_count":0,"_bbp_total_topic_count":0,"_bbp_total_reply_count":0,"_bbp_voice_count":0,"_bbp_anonymous_reply_count":0,"_bbp_topic_count_hidden":0,"_bbp_reply_count_hidden":0,"_bbp_forum_subforum_count":0,"footnotes":""},"categories":[94],"tags":[],"class_list":["post-10985","post","type-post","status-publish","format-standard","has-post-thumbnail","hentry","category-educacio-fisica"],"post_mailing_queue_ids":[],"_links":{"self":[{"href":"https:\/\/agora.xtec.cat\/ceip-miquelmartipol-viladecans\/wp-json\/wp\/v2\/posts\/10985","targetHints":{"allow":["GET"]}}],"collection":[{"href":"https:\/\/agora.xtec.cat\/ceip-miquelmartipol-viladecans\/wp-json\/wp\/v2\/posts"}],"about":[{"href":"https:\/\/agora.xtec.cat\/ceip-miquelmartipol-viladecans\/wp-json\/wp\/v2\/types\/post"}],"author":[{"embeddable":true,"href":"https:\/\/agora.xtec.cat\/ceip-miquelmartipol-viladecans\/wp-json\/wp\/v2\/users\/7"}],"replies":[{"embeddable":true,"href":"https:\/\/agora.xtec.cat\/ceip-miquelmartipol-viladecans\/wp-json\/wp\/v2\/comments?post=10985"}],"version-history":[{"count":1,"href":"https:\/\/agora.xtec.cat\/ceip-miquelmartipol-viladecans\/wp-json\/wp\/v2\/posts\/10985\/revisions"}],"predecessor-version":[{"id":10988,"href":"https:\/\/agora.xtec.cat\/ceip-miquelmartipol-viladecans\/wp-json\/wp\/v2\/posts\/10985\/revisions\/10988"}],"wp:featuredmedia":[{"embeddable":true,"href":"https:\/\/agora.xtec.cat\/ceip-miquelmartipol-viladecans\/wp-json\/wp\/v2\/media\/10987"}],"wp:attachment":[{"href":"https:\/\/agora.xtec.cat\/ceip-miquelmartipol-viladecans\/wp-json\/wp\/v2\/media?parent=10985"}],"wp:term":[{"taxonomy":"category","embeddable":true,"href":"https:\/\/agora.xtec.cat\/ceip-miquelmartipol-viladecans\/wp-json\/wp\/v2\/categories?post=10985"},{"taxonomy":"post_tag","embeddable":true,"href":"https:\/\/agora.xtec.cat\/ceip-miquelmartipol-viladecans\/wp-json\/wp\/v2\/tags?post=10985"}],"curies":[{"name":"wp","href":"https:\/\/api.w.org\/{rel}","templated":true}]}}